{"id":3353,"date":"2017-02-09T16:47:37","date_gmt":"2017-02-09T16:47:37","guid":{"rendered":"https:\/\/www.raisedbogs.ie\/go-haitiuil-agus-sa-phobal-3\/"},"modified":"2017-02-09T16:47:37","modified_gmt":"2017-02-09T16:47:37","slug":"go-haitiuil-agus-sa-phobal-3","status":"publish","type":"post","link":"https:\/\/www.raisedbogs.ie\/ga\/go-haitiuil-agus-sa-phobal-3\/","title":{"rendered":"Go h\u00e1iti\u00fail agus sa Phobal"},"content":{"rendered":"<p>Is leis na pobail \u00e1iti\u00fala thart ar Phortach Ard an Chuilinn \u00e9 an leathanach seo. M\u00e1s gr\u00fapa \u00e1iti\u00fail oidhreachta, gr\u00fapa comhshaoil, both\u00e1n na bhfear n\u00f3 eagra\u00edocht sp\u00f3irt at\u00e1 agaibh, is daoibhse an rann\u00f3g seo ar shu\u00edomh gr\u00e9as\u00e1in LIFE.<\/p>\n<p>T\u00e1 an Bainisteoir Feasachta Poibl\u00ed seo againne ag obair chun feasach\u00e1in, m\u00edreanna nuachta, sc\u00e9alta, eolas ar imeachta\u00ed agus tion\u00f3il chomh maith le stair \u00e1iti\u00fail an cheantair a chur i dtoll a ch\u00e9ile. M\u00e1s rud \u00e9 go bhfuil aon sc\u00e9alta suimi\u00fala agaibh, n\u00f3 grianghraif n\u00f3 aon rud a bhaineann le hArd an Chuilinn n\u00f3 leis an gceantar m\u00e1guaird, seol <a href=\"mailto:peatlandsmanagement@chg.gov.ie\">r\u00edomhphost<\/a> chuig an tionscadal.<\/p>\n<p>M\u00e1s rud \u00e9 go bhfuil bhur ngr\u00fapa pobail gn\u00edomhach ar an idirl\u00edon, n\u00f3 m\u00e1 t\u00e1 nuachtlitir n\u00f3 bileog eolais agaibh at\u00e1 sibh ag iarraidh a scaipeadh i measc pobal n\u00edos leithne, n\u00e1 b\u00edodh moill ar bith oraibh Ronan a chur ar an eolas faoi agus beimid in ann \u00e9 a chur ar an su\u00edomh seo.<\/p>\n<p>D\u00e9anfaimid pl\u00e9 ar dhaoine suimi\u00fala agus ar imeachta\u00ed i gContae an Longfoirt agus sna ceantair eile thart ar an bportach ardaithe seo.<\/p>\n<hr>\n<h1>MEATHAS TROIM<\/h1>\n<p>Baile beag ach baile gn\u00f3thach is ea <a href=\"http:\/\/www.edgeworthstown.net\">Meathas Troim<\/a>, n\u00f3 Mostrim mar a thugta\u00ed air idir an tSaoirse agus 1974, le ceangail stairi\u00fala agus liteartha a mbeadh \u00e1thas ar aon chathair mh\u00f3r m\u00f3rtas a dh\u00e9anamh astu! Tagann cuid mh\u00f3r d\u2019oidhreacht shaibhir Mheathas Troim as an gceangal a bh\u00ed aige le teaghlach c\u00e1ili\u00fail Edgeworth, Oscar Wilde agus lear m\u00f3r de dhaoine stairi\u00fala eile.<\/p>\n<h2>Cumann Edgeworth<\/h2>\n<p>Cuireann <a href=\"https:\/\/www.facebook.com\/edgeworthliterarytrail\/\">Conair Liteartha Edgeworth si\u00fal\u00f3id\u00ed<\/a> faoi threoir ar f\u00e1il don chuairteoir mar aon le deis chun leanacht de chonair Maria Edgeworth agus a teaghlach, Oliver Goldsmith, Sir Walter Scott, William Wordsworth agus Oscar Wilde. Is f\u00e9idir leat cuairt a thabhairt ar an nGarra\u00ed Daingean ag Teach Mheathas Troim, Teach an Reachtaire (an \u00e1it a rugadh an Abb\u00e9 Edgeworth) mar aon le S\u00e9ip\u00e9al N. Eoin agus an reilig ina bhfuil Isola Wilde curtha.<\/p>\n<p>I m\u00ed Feabhra 2017, re\u00e1cht\u00e1il <a href=\"http:\/\/edgeworthstown.net\/\">Cumann Edgeworth<\/a> l\u00e1 corraitheach i gcuimhne ar Isola Wilde i dteach an reachtaire le com\u00f3radh a dh\u00e9anamh ar an 150 bliain \u00f3 cailleadh \u00ed agus \u00ed gan ach 9 mbliana d\u2019aois. D\u2019imir b\u00e1s Isola tionchar i dteach an reachtaire nach beag ar a dearth\u00e1ir, Oscar. Ba mhinic a thugadh s\u00e9 cuairt ar a huaigh i Meathas Troim agus bh\u00ed folt gruaige d\u00e1 cuid ina sheilbh aige i rith an ama. Bh\u00ed tagairt\u00ed di ina chuid oibre, sa d\u00e1n <span style=\"color: #000080;\">\u2018Requiescat\u2019<\/span> go h\u00e1irithe, a scr\u00edobh s\u00e9 i gcuimhne uirthi.<\/p>\n<p>B\u00edonn si\u00fal\u00f3id\u00ed ar chonair\u00ed liteartha ann go minic. Is f\u00e9idir d\u00e1ta\u00ed agus araile a shocr\u00fa ach an fhoirm ar leathanach <a title=\"Teagmh\u00e1la\" href=\"http:\/\/edgeworthstown.net\/contact\/\">teagmh\u00e1la<\/a> an chumainn a \u00fas\u00e1id chun teagmh\u00e1il a dh\u00e9anamh le Cumann Edgeworth. Is Seoladh r\u00edomhphoist an chumainn n\u00e1 edgeworthsociety@eircom.net agus is f\u00e9idir glao a chur ar 00353-436671801 chomh maith (idir 9am agus 5pm GMT).<\/p>\n<p><img loading=\"lazy\" decoding=\"async\" class=\"alignnone wp-image-1139\" src=\"https:\/\/www.raisedbogs.ie\/wp-content\/uploads\/2017\/01\/edgeworth-trail-1024x688.jpg\" alt=\"\" width=\"752\" height=\"505\" srcset=\"https:\/\/www.raisedbogs.ie\/wp-content\/uploads\/2017\/01\/edgeworth-trail-1024x688.jpg 1024w, https:\/\/www.raisedbogs.ie\/wp-content\/uploads\/2017\/01\/edgeworth-trail-300x202.jpg 300w, https:\/\/www.raisedbogs.ie\/wp-content\/uploads\/2017\/01\/edgeworth-trail-768x516.jpg 768w, https:\/\/www.raisedbogs.ie\/wp-content\/uploads\/2017\/01\/edgeworth-trail.jpg 1503w\" sizes=\"auto, (max-width: 752px) 100vw, 752px\" \/><\/p>\n<h2>F\u00e9ile Liteartha Edgeworth<\/h2>\n<p>Gach Bealtaine, \u00f3st\u00e1lann an baile <a href=\"https:\/\/www.facebook.com\/edgeworthfestival\/\">F\u00e9ile Liteartha Edgeworth<\/a> . D\u00e9anann s\u00e9 ceili\u00faradh ar oidhreacht liteartha Mheathas Troim chomh maith le ceili\u00faradh a dh\u00e9anamh ar na h\u00fadair reatha is fearr agus an tallann at\u00e1 ag teacht chun cinn. Gach bliain b\u00edonn a\u00edonna agus com\u00f3rtais den scoth acu.<\/p>\n<p>[Cl\u00e1r: Oidhreacht Mhuintir Edgeworth]<\/p>\n<div id=\"attachment_1137\" style=\"width: 266px\" class=\"wp-caption alignnone\"><a href=\"http:\/\/edgeworthstown.net\/files\/6214\/8589\/6329\/Maria_Edgeworth_2017_Brochure.pdf\"><img loading=\"lazy\" decoding=\"async\" aria-describedby=\"caption-attachment-1137\" class=\"wp-image-1137 size-full\" src=\"https:\/\/www.raisedbogs.ie\/wp-content\/uploads\/2017\/01\/scaled_256.jpg\" width=\"256\" height=\"367\" srcset=\"https:\/\/www.raisedbogs.ie\/wp-content\/uploads\/2017\/01\/scaled_256.jpg 256w, https:\/\/www.raisedbogs.ie\/wp-content\/uploads\/2017\/01\/scaled_256-209x300.jpg 209w\" sizes=\"auto, (max-width: 256px) 100vw, 256px\" \/><\/a><p id=\"caption-attachment-1137\" class=\"wp-caption-text\">[Cl\u00e1r: Oidhreacht Mhuintir Edgeworth]<\/p><\/div>\n<h2><\/h2>\n<hr>\n<h2>Bailte Slachtmhara Mheathas Troim<\/h2>\n<p>T\u00e1 Coiste na mBailte Slachtmhara \u00e9ifeachtach de dh\u00edth ar gach dea-bhaile in \u00c9irinn agus t\u00e1 ceann de na coist\u00ed is fearr againne i Meathas Troim. An sprioc at\u00e1 acusan at\u00e1 ar an gcoiste baile m\u00f3r a choth\u00fa do ch\u00e1ch a bheidh n\u00edos glaine agus n\u00edos glaise. An baile d\u00fachais seo againne a choinne\u00e1il saor \u00f3 bhruscar agus \u00e9 neamhdh\u00edobh\u00e1lach don chomhshaol chomh maith le st\u00e1das Mheathas Troim i rang\u00fa na mBailte Slachtmhara a neart\u00fa.<\/p>\n<p><img loading=\"lazy\" decoding=\"async\" class=\"alignnone wp-image-1146 size-medium\" src=\"https:\/\/www.raisedbogs.ie\/wp-content\/uploads\/2017\/02\/tidy-towns-300x241.jpg\" width=\"300\" height=\"241\" srcset=\"https:\/\/www.raisedbogs.ie\/wp-content\/uploads\/2017\/02\/tidy-towns-300x241.jpg 300w, https:\/\/www.raisedbogs.ie\/wp-content\/uploads\/2017\/02\/tidy-towns-768x617.jpg 768w, https:\/\/www.raisedbogs.ie\/wp-content\/uploads\/2017\/02\/tidy-towns-1024x823.jpg 1024w, https:\/\/www.raisedbogs.ie\/wp-content\/uploads\/2017\/02\/tidy-towns.jpg 1223w\" sizes=\"auto, (max-width: 300px) 100vw, 300px\" \/><\/p>\n<hr>\n<h2>F\u00e9ile Bhusc\u00e1la<\/h2>\n<p>Gach Bealtaine, \u00f3st\u00e1lann an baile F\u00e9ile Liteartha Edgeworth agus bh\u00ed imeacht 2017 ar si\u00fal i mBealtaine 5 \u2013 7. D\u00e9anann s\u00e9 ceili\u00faradh ar oidhreacht liteartha Mheathas Troim chomh maith le ceili\u00faradh a dh\u00e9anamh ar na h\u00fadair reatha is fearr agus an tallann at\u00e1 ag teacht chun cinn. Gach bliain b\u00edonn a\u00edonna agus com\u00f3rtais den scoth acu.<\/p>\n<hr>\n<h2>Laoch Oidhreachta na h\u00c9ireann &#8211; Matt Farrell<\/h2>\n<p>Thug an tAire Heather Humphreys aitheantas d\u2019fhear \u00e1iti\u00fail, Matt Farrell, agus \u00e9 ainmnithe mar Laoch Oidhreachta na h\u00c9ireann air i m\u00ed Feabhra 2017.<\/p>\n<div id=\"attachment_1143\" style=\"width: 760px\" class=\"wp-caption alignnone\"><img loading=\"lazy\" decoding=\"async\" aria-describedby=\"caption-attachment-1143\" class=\"size-full wp-image-1143\" src=\"https:\/\/www.raisedbogs.ie\/wp-content\/uploads\/2017\/02\/matt_farrell_is_named_ireland_s_heritage_hero_.jpg\" alt=\"\" width=\"750\" height=\"563\" srcset=\"https:\/\/www.raisedbogs.ie\/wp-content\/uploads\/2017\/02\/matt_farrell_is_named_ireland_s_heritage_hero_.jpg 750w, https:\/\/www.raisedbogs.ie\/wp-content\/uploads\/2017\/02\/matt_farrell_is_named_ireland_s_heritage_hero_-300x225.jpg 300w\" sizes=\"auto, (max-width: 750px) 100vw, 750px\" \/><p id=\"caption-attachment-1143\" class=\"wp-caption-text\">T\u00e1 Matt Farrell, ar tugadh an teideal Laoch Oidhreachta na h\u00c9ireann air, le feice\u00e1il sa phicti\u00far anseo lena gharmhac, Jamie Penrose, 10 mbliana d\u2019aois. (Picti\u00far le Gary O&#8217;Neill)<\/p><\/div>\n<p>Bronnadh an gradam ar Matt mar chuid de Shearmanas Bronnta Ghradaim Oidhreachta na Comhairle Oidhreachta ina dtugtar aitheantas don obair iontach at\u00e1 ar bun ag an bpobal oidhreachta in \u00c9irinn agus ina gcuirtear an chuid is fearr den tSeachtain Oidhreachta N\u00e1isi\u00fanta os comhair an phobail.<\/p>\n<p>I gc\u00e1s Ghradam na Comhairle Oidhreachta don Laoch Oidhreachta, d\u00e9antar ceili\u00faradh ar dhuine at\u00e1 i ndiaidh cur go m\u00f3r leis an oidhreacht in \u00c9irinn a chosaint agus a chur chun cinn. Ainmn\u00edodh 86 duine i mbliana.<\/p>\n<p>Is \u00e9 Laoch Oidhreachta na h\u00c9ireann, Matt \u00e9 f\u00e9in, a bhunaigh Cumann Forbartha Cheantar Mheathas Troim agus Cumann Edgeworth sa bhliain 1994.<\/p>\n<p>Eisean at\u00e1 mar cheann feadhna ar an tionscadal Oidhreacht Mheathas Troim ar na mallaibh, inar buna\u00edodh Sl\u00ed Oidhreachta agus Liteartha Mheathas Troim. Mar chuid den tsl\u00ed t\u00e1 Teach agus Garra\u00ed Daingean Mheathas Troim, Teach an Reachtaire &#8211; Teampall Eoin &#8211; agus an nasc le Wilde agus Goldsmith a ghabhann leis, mar aon le Reilig agus Teampall Eoin.<\/p>\n<p>Bh\u00ed obair chrua na mblianta i gceist le taighde a dh\u00e9anamh agus a chur le ch\u00e9ile agus ansin le Teach an Reachtaire, Teach na Scoile, Faiche an Aonaigh agus an reilig a chaomhn\u00fa. Caitheadh deich mbliana fosta i mbun tic\u00e9id don chrannchur a dh\u00edol gach o\u00edche Shathairn!<\/p>\n<p>L\u00e9iri\u00fa at\u00e1 i nd\u00fathracht Matt Farrell ar an nasc t\u00e1bhachtach sin idir an mhuintir agus an d\u00faiche, agus ar an tsl\u00ed gur f\u00e9idir pobal a fhorbairt bunaithe ar an oidhreacht chomhchoiteann at\u00e1 againn.<br \/>\n<iframe loading=\"lazy\" src=\"https:\/\/www.youtube.com\/embed\/huCWitBHTO4\" width=\"560\" height=\"315\" frameborder=\"0\" allowfullscreen=\"allowfullscreen\"><\/iframe><\/p>\n<hr>\n<h2>Ionad Pobail Mheathas Troim<\/h2>\n<p>T\u00e1 Ionad\/Campas Pobail Mhuire suite taobh le B\u00f3thar Ghr\u00e1naird. N\u00edl an B\u00f3thar N55 \u00f3n gCabh\u00e1n go Baile \u00c1tha Luain agus an B\u00f3thar N4 \u00f3<span class=\"text_exposed_show\">Bhaile \u00c1tha Cliath go Sligeach ach c\u00fapla n\u00f3im\u00e9ad ar shi\u00fal sa charr. An gr\u00fapa is c\u00fais leis an halla agus campas \u00e9achtach n\u00e1 eagra\u00edocht neamhbhrab\u00fais. <\/span>Fuarthas taca\u00edocht \u00f3 mhaoini\u00fa \u00f3n rialtas agus \u00f3 dheontais. Oscla\u00edodh an t-ionad i M\u00ed I\u00fail in 2011 agus coiste bainist\u00edochta deonach ina bhun. Fostaithe \u00f3 Ollscoil Teicneola\u00edochta na Sionainne agus \u00f3n gCl\u00e1r Fosta\u00edochta Pobail at\u00e1 ag obair ann. \u00c1is cheannr\u00f3da\u00edoch nu\u00e1lach at\u00e1 san ionad a bhfuil seomra\u00ed agus halla\u00ed ann at\u00e1 ar f\u00e1il ar c\u00edos le haghaidh r\u00e9imse leathan gn\u00edomha\u00edochta\u00ed.<\/p>\n<p>R\u00e1iteas misin an ionaid n\u00e1 \u201cGn\u00edomha\u00edochta\u00ed acla\u00edochta agus \u00e1iseanna \u00e1ineasa a chur ar f\u00e1il tr\u00edna nd\u00e9antar imeascadh agus spiorad pobail a chur chun cinn i measc an phobail.\u201d<\/p>\n<h3><a href=\"http:\/\/https:\/\/www.facebook.com\/Edgeworthstowncommunitycampus\/\"><img loading=\"lazy\" decoding=\"async\" class=\"alignnone wp-image-1148\" src=\"https:\/\/www.raisedbogs.ie\/wp-content\/uploads\/2017\/02\/community-1024x768.jpg\" alt=\"\" width=\"633\" height=\"475\" srcset=\"https:\/\/www.raisedbogs.ie\/wp-content\/uploads\/2017\/02\/community-1024x768.jpg 1024w, https:\/\/www.raisedbogs.ie\/wp-content\/uploads\/2017\/02\/community-300x225.jpg 300w, https:\/\/www.raisedbogs.ie\/wp-content\/uploads\/2017\/02\/community-768x576.jpg 768w, https:\/\/www.raisedbogs.ie\/wp-content\/uploads\/2017\/02\/community.jpg 2048w\" sizes=\"auto, (max-width: 633px) 100vw, 633px\" \/><\/a><\/h3>\n<h2>Naisc:<\/h2>\n<ul>\n<li>Gach rud i Meathas Troim: http:\/\/www.edgeworthstown.net\/<\/li>\n<li>Conair Liteartha Mheathas Troim: https:\/\/www.facebook.com\/edgeworthliterarytrail\/<\/li>\n<li>F\u00e9ile Liteartha Edgeworth: https:\/\/www.facebook.com\/edgeworthfestival\/<\/li>\n<li>Meathas Troim agus na Bailte Slachtmhara https:\/\/www.facebook.com\/edgeworthstowntidytowns\/<\/li>\n<li>Campas Pobail: https:\/\/www.facebook.com\/Edgeworthstowncommunitycampus\/<\/li>\n<li>Turas\u00f3ireacht an Longfoirt Leathanach Mheathas Troim: http:\/\/www.longfordtourism.ie\/see-do\/towns-villages\/edgeworthstown\/<\/li>\n<\/ul>\n<hr>\n<h1>GR\u00c1NARD<\/h1>\n<div id=\"attachment_1151\" style=\"width: 470px\" class=\"wp-caption alignnone\"><img loading=\"lazy\" decoding=\"async\" aria-describedby=\"caption-attachment-1151\" class=\"size-full wp-image-1151\" src=\"https:\/\/www.raisedbogs.ie\/wp-content\/uploads\/2017\/02\/GRANARD.jpg\" alt=\"\" width=\"460\" height=\"304\" srcset=\"https:\/\/www.raisedbogs.ie\/wp-content\/uploads\/2017\/02\/GRANARD.jpg 460w, https:\/\/www.raisedbogs.ie\/wp-content\/uploads\/2017\/02\/GRANARD-300x198.jpg 300w\" sizes=\"auto, (max-width: 460px) 100vw, 460px\" \/><p id=\"caption-attachment-1151\" class=\"wp-caption-text\">T\u00e1 M\u00f3ta agus B\u00e1bh\u00fan Ghr\u00e1naird ar cheann de na sampla\u00ed is fearr de dhaingean Angla-Normannach at\u00e1 sa t\u00edr.<\/p><\/div>\n<p>Baile gn\u00f3thach i dtuaisceart an Longfoirt is ea Gr\u00e1nard. T\u00e1 go leor staire ag baint leis an mbaile, ach i nd\u00e1ir\u00edre is \u00e9 baile nua Ghr\u00e1naird an \u00e1it a bhfuil an baile anois. I mbaile fearainn Choill Ghr\u00e1naird a bh\u00ed baile m\u00fartha mhe\u00e1naoiseach \u2018shean-Ghr\u00e1naird lonnaithe tr\u00e1th den saol. Meastar gur \u00e9 an l\u00e1thair ag Choill Ghr\u00e1naird an t-aon cheann d\u00e1 leith\u00e9id in \u00c9irinn. Dh\u00f3igh Edward Bruce an \u00e1it go talamh i m\u00ed na Samhna 1315 nuair nach ng\u00e9illfeadh Con \u00d3 Feara\u00edl d\u00f3 agus tr\u00e9igeadh an \u00e1it ina dhiaidh sin.<\/p>\n<p>Is ioma\u00ed br\u00ed at\u00e1 leis an ainm Gr\u00e1nard \u2013 Cnoc na Gr\u00e9ine, Cnoc an Ghr\u00e1in n\u00f3 Ard Gr\u00e1nna.<\/p>\n<h2>M\u00f3ta agus B\u00e1bh\u00fan Ghr\u00e1naird<\/h2>\n<p>T\u00e1 M\u00f3ta agus B\u00e1bh\u00fan Ghr\u00e1naird ar cheann de na sampla\u00ed is fearr de dhaingean Angla-Normannach at\u00e1 sa t\u00edr. Th\u00f3g an Ridire Normannach, Richard de Tuite, an \u00e1it thart ar 1199 mar chuid de thionscnamh chun ceannas na Normannach a scaipeadh ar fud na t\u00edre; t\u00f3gadh \u00e9 ar agus taobh istigh de rath a bh\u00ed ann roimhe sin agus d\u2019fh\u00e9adfadh gur ag brainse \u00e1iti\u00fail de mhuintir Fheara\u00edl a bh\u00ed s\u00e9 sin.<\/p>\n<p>Dumha ciorclach ollmh\u00f3r cr\u00e9 a bhfuil mullach maol air is ea an M\u00f3ta, agus ar a bharr sin bh\u00edodh t\u00far adhmaid agus \u00e9 timpeallaithe ag sonnach. Bh\u00ed b\u00e1bh\u00fan U-chruthach trasna an bhoinn, imfh\u00e1l\u00fa a bh\u00ed timpeallaithe ag d\u00edog shonnaigh. Bh\u00edodh ainmhithe agus saighdi\u00fair ag cur f\u00fathu sa bh\u00e1bh\u00fan. T\u00e1 s\u00e9 daingnithe go han-l\u00e1idir ach amh\u00e1in ar an taobh \u00f3 dheas a bh\u00edodh \u00e1 ghard\u00e1il ag an trinse domhain ar an mbarr de r\u00e9ir cos\u00falachta, agus as sin bh\u00edodh an lucht cosanta ag scaoileadh airm agus ag teilgean cloch leis an namhaid a bheadh ag teacht ina dtreo.<\/p>\n<p>Agus \u00e9 ina sheasamh 534 troigh os cionn leibh\u00e9al na farraige, meastar gurb \u00e9 seo an M\u00f3ta is airde in \u00c9irinn agus ba l\u00e9iri\u00fa eile ar a th\u00e1bhacht go raibh s\u00e9 lonnaithe ar an bpointe ab fhaide siar de shean-R\u00edocht na M\u00ed. \u00d3na bharr t\u00e1 radharc de ch\u00faig loch, codanna de naoi gcontae, riar aibhneacha, cuid mh\u00f3r portach (Ard an Chuilinn san \u00e1ireamh) agus iml\u00edne lag de Shliabh Bladhma. T\u00e1 a l\u00e1n miotas ag baint leis an M\u00f3ta; deir daoine go bhfuil caisle\u00e1n i bhfolach taobh istigh de, deir daoine eile go bhfuil taisc\u00ed ollmh\u00f3ra \u00f3ir ann, agus deir daoine eile f\u00f3s gur st\u00f3r gr\u00e1in a bh\u00ed sa chuas at\u00e1 ina l\u00e1r. In 1932, cuireadh dealbh de Naomh P\u00e1draig ar bharr an Mh\u00f3ta mar chom\u00f3radh ar theacht an naoimh go h\u00c9irinn in 432AD.<\/p>\n<p>T\u00e1 m\u00f3rionad <a href=\"https:\/\/www.knightsandconquests.ie\/\">cuairteoir\u00ed i nGr\u00e1nard<\/a> anois ina nd\u00e9antar ceili\u00faradh ar an oidhreacht faoi leith a bhaineann leis an gceantar.<\/p>\n<h2>Ridir\u00ed agus Concais, Gr\u00e1nard<\/h2>\n<p>Faigh blaiseadh de r\u00e9 na Ridir\u00ed agus na gConcas i gcro\u00edl\u00e1r ceilte na h\u00c9ireann. Cuir ort \u00e9ada\u00ed \u00e1r sinsear Normannach agus si\u00fail leat ar aistear idirghn\u00edomhach tr\u00ed na blianta. B\u00ed i do r\u00ed n\u00f3 i do bhanr\u00edon agus t\u00fa p\u00e1irteach i gcluiche na cor\u00f3nach de do chuid f\u00e9in. B\u00edodh am spra\u00ed\u00fail ar leith agat le do mhuintir agus le cairde leat.<\/p>\n<p>F\u00e9ach an su\u00edomh gr\u00e9as\u00e1in: https:\/\/www.knightsandconquests.ie\/ agus https:\/\/www.facebook.com\/KnightsConquests\/<\/p>\n<p><a href=\"https:\/\/www.raisedbogs.ie\/wp-content\/uploads\/2017\/02\/170459624_2769896213321816_585556791274198435_n.jpg\"><img loading=\"lazy\" decoding=\"async\" class=\"aligncenter size-large wp-image-1851\" src=\"https:\/\/www.raisedbogs.ie\/wp-content\/uploads\/2017\/02\/170459624_2769896213321816_585556791274198435_n-1024x695.jpg\" alt=\"\" width=\"1024\" height=\"695\" srcset=\"https:\/\/www.raisedbogs.ie\/wp-content\/uploads\/2017\/02\/170459624_2769896213321816_585556791274198435_n-1024x695.jpg 1024w, https:\/\/www.raisedbogs.ie\/wp-content\/uploads\/2017\/02\/170459624_2769896213321816_585556791274198435_n-300x203.jpg 300w, https:\/\/www.raisedbogs.ie\/wp-content\/uploads\/2017\/02\/170459624_2769896213321816_585556791274198435_n-768x521.jpg 768w, https:\/\/www.raisedbogs.ie\/wp-content\/uploads\/2017\/02\/170459624_2769896213321816_585556791274198435_n-1536x1042.jpg 1536w, https:\/\/www.raisedbogs.ie\/wp-content\/uploads\/2017\/02\/170459624_2769896213321816_585556791274198435_n.jpg 1902w\" sizes=\"auto, (max-width: 1024px) 100vw, 1024px\" \/><\/a><\/p>\n<h2>Imeachta\u00ed i nGr\u00e1nard<\/h2>\n<p>Coinnigh s\u00fail ar an leathanach <a href=\"https:\/\/www.facebook.com\/Granard-Events-430607700468348\/\">Facebook<\/a> seo le bheith ar an eolas faoi gach a bhfuil ag tarl\u00fa i nGr\u00e1nard: https:\/\/www.facebook.com\/Granard-Events-430607700468348\/<\/p>\n<h2>Both\u00e1n na bhFear, Gr\u00e1nard<\/h2>\n<p><a href=\"https:\/\/www.facebook.com\/granardmensshed\/\">Eagra\u00edocht phobail at\u00e1 i mBoth\u00e1n na bhFear<\/a>, Gr\u00e1nard, inar f\u00e9idir le fir ar gach aois teacht le ch\u00e9ile agus tabhairt faoi ghn\u00edomha\u00edochta\u00ed \u00e9ags\u00fala a bh\u00edonn comhaontaithe eatarthu. B\u00edonn deiseanna s\u00f3isialta iontacha ar f\u00e1il ann. Gheobhaidh t\u00fa ar l\u00edne <a href=\"https:\/\/www.facebook.com\/granardmensshed\/\">ANSEO<\/a> iad<\/p>\n<p><img loading=\"lazy\" decoding=\"async\" class=\"alignnone wp-image-1158\" src=\"https:\/\/www.raisedbogs.ie\/wp-content\/uploads\/2017\/02\/mens-shed-2.jpg\" alt=\"\" width=\"371\" height=\"303\" srcset=\"https:\/\/www.raisedbogs.ie\/wp-content\/uploads\/2017\/02\/mens-shed-2.jpg 960w, https:\/\/www.raisedbogs.ie\/wp-content\/uploads\/2017\/02\/mens-shed-2-300x245.jpg 300w, https:\/\/www.raisedbogs.ie\/wp-content\/uploads\/2017\/02\/mens-shed-2-768x626.jpg 768w\" sizes=\"auto, (max-width: 371px) 100vw, 371px\" \/><\/p>\n<h2>Ruda\u00ed le d\u00e9anamh i nGr\u00e1nard<\/h2>\n<p>Ionad \u00e9 Ionad nua na Ridir\u00ed agus na gConcas nach m\u00f3r a fheice\u00e1il. \u00c1it i gcro\u00edl\u00e1r ceilte na h\u00c9ireann ar g\u00e1 cuairt a thabhairt uirthi.<\/p>\n<p>Ar na foirgnimh shuimi\u00fala at\u00e1 ar an mbaile t\u00e1 Teach an Mhargaidh a t\u00f3gadh in 1785 agus a bh\u00ed faoi \u00fain\u00e9ireacht mhuintir Greville tr\u00e1th den saol; rinneadh athch\u00f3iri\u00fa air c1980 agus t\u00e1 s\u00e9 \u00e1 \u00fas\u00e1id anois mar leabharlann bhrainse. T\u00e1 l\u00e1thair bhre\u00e1 ag S\u00e9ip\u00e9al Mhuire, a th\u00f3g John Bourke in 1867, ag barr phr\u00edomhshr\u00e1id an bhaile; t\u00e1 an m\u00f3ta m\u00f3r Normannach taobh thiar de agus ba \u00e9 S\u00e9ip\u00e9al Naomh P\u00e1draig at\u00e1 gar don Mh\u00f3ta a bh\u00ed ina l\u00e1thair eaglasta ag na Caitlicigh i dt\u00fas ama i nGr\u00e1nard. Meastar gur t\u00f3gadh an foirgneamh reatha i dt\u00fas an 18\u00fa haois.<\/p>\n<p>T\u00e1 Gr\u00e1nard timpeallaithe ag riar de lochanna \u00e1ille, ar n\u00f3s Loch Gamhna agus Loch Cinn\u00e9ile, agus t\u00e1 an \u00e1it \u00e1isi\u00fail do chuid mh\u00f3r ionad bre\u00e1 iascaireachta. T\u00e1 Coill Dhoire Chas\u00e1in lonnaithe ar bhruacha Loch Gamhna agus si\u00fal\u00f3id\u00ed iontacha foraoise le f\u00e1il ann do dhaoine a bheadh ag iarradh uair an chloig n\u00f3 dh\u00f3 a chaitheamh ag spaisteoireacht faoi shuaimhneas an n\u00e1d\u00fair. Do dhaoine a bhfuil suim acu i stair \u00e1rsa na h\u00c9ireann, t\u00e1 roinnt l\u00e1ithre\u00e1n de thoibreacha beannaithe, crann\u00f3ga, gall\u00e1in agus liagchiorcail ar f\u00e1il ann mar aon le fothracha Mhainistir Leathr\u00e1tha in aice l\u00e1imhe. T\u00e1 neart tithe \u00f3sta sa bhaile f\u00e9in ina mb\u00edonn ceol beo agus siamsa\u00edocht ar an deireadh seachtaine, mar aon le siopa\u00ed agus \u00e1iseanna eile. Re\u00e1cht\u00e1lann Gr\u00e1nard riar d\u2019fh\u00e9ilte agus d\u2019imeachta\u00ed i rith na bliana.<\/p>\n<hr>\n<h2>Naisc:<\/h2>\n<ul>\n<li>Bailte Slachtmhara Ghr\u00e1naird : https:\/\/www.facebook.com\/granard.tidytown-<\/li>\n<li>Granard Motte Community Enterprise Limited: https:\/\/www.facebook.com\/GranardMotteCommunityEnterpriseLimted\/<\/li>\n<li>Cumann Staire Cheantar Ghr\u00e1naird: https:\/\/www.facebook.com\/GranardAreaHistoricalSociety\/<\/li>\n<li>Imeachta\u00ed i nGr\u00e1nard: https:\/\/www.facebook.com\/Granard-Events-430607700468348\/<\/li>\n<li>CLG Naomh Muire: https:\/\/www.facebook.com\/stmarysgaa.granard\/<\/li>\n<li>Both\u00e1n na bhFear, Gr\u00e1nard: https:\/\/www.facebook.com\/granardmensshed\/<\/li>\n<li>Leathanach Pobail Ghr\u00e1naird: https:\/\/www.facebook.com\/GranardCommunity-728443307262571\/<\/li>\n<\/ul>\n","protected":false},"excerpt":{"rendered":"<p>Is leis na pobail \u00e1iti\u00fala thart ar Phortach Ard an Chuilinn \u00e9 an leathanach seo. M\u00e1s gr\u00fapa \u00e1iti\u00fail oidhreachta, gr\u00fapa comhshaoil, both\u00e1n na bhfear n\u00f3 eagra\u00edocht sp\u00f3irt at\u00e1 agaibh, is [&hellip;]<\/p>\n","protected":false},"author":9,"featured_media":2499,"comment_status":"open","ping_status":"open","sticky":false,"template":"","format":"standard","meta":{"_acf_changed":false,"_EventAllDay":false,"_EventTimezone":"","_EventStartDate":"","_EventEndDate":"","_EventStartDateUTC":"","_EventEndDateUTC":"","_EventShowMap":false,"_EventShowMapLink":false,"_EventURL":"","_EventCost":"","_EventCostDescription":"","_EventCurrencySymbol":"","_EventCurrencyCode":"","_EventCurrencyPosition":"","_EventDateTimeSeparator":"","_EventTimeRangeSeparator":"","_EventOrganizerID":[],"_EventVenueID":[],"_OrganizerEmail":"","_OrganizerPhone":"","_OrganizerWebsite":"","_VenueAddress":"","_VenueCity":"","_VenueCountry":"","_VenueProvince":"","_VenueState":"","_VenueZip":"","_VenuePhone":"","_VenueURL":"","_VenueStateProvince":"","_VenueLat":"","_VenueLng":"","_VenueShowMap":false,"_VenueShowMapLink":false,"footnotes":""},"categories":[602],"tags":[],"class_list":["post-3353","post","type-post","status-publish","format-standard","has-post-thumbnail","hentry","category-phortach-ard-an-chuilinn"],"acf":[],"_links":{"self":[{"href":"https:\/\/www.raisedbogs.ie\/ga\/wp-json\/wp\/v2\/posts\/3353","targetHints":{"allow":["GET"]}}],"collection":[{"href":"https:\/\/www.raisedbogs.ie\/ga\/wp-json\/wp\/v2\/posts"}],"about":[{"href":"https:\/\/www.raisedbogs.ie\/ga\/wp-json\/wp\/v2\/types\/post"}],"author":[{"embeddable":true,"href":"https:\/\/www.raisedbogs.ie\/ga\/wp-json\/wp\/v2\/users\/9"}],"replies":[{"embeddable":true,"href":"https:\/\/www.raisedbogs.ie\/ga\/wp-json\/wp\/v2\/comments?post=3353"}],"version-history":[{"count":0,"href":"https:\/\/www.raisedbogs.ie\/ga\/wp-json\/wp\/v2\/posts\/3353\/revisions"}],"wp:featuredmedia":[{"embeddable":true,"href":"https:\/\/www.raisedbogs.ie\/ga\/wp-json\/wp\/v2\/media\/2499"}],"wp:attachment":[{"href":"https:\/\/www.raisedbogs.ie\/ga\/wp-json\/wp\/v2\/media?parent=3353"}],"wp:term":[{"taxonomy":"category","embeddable":true,"href":"https:\/\/www.raisedbogs.ie\/ga\/wp-json\/wp\/v2\/categories?post=3353"},{"taxonomy":"post_tag","embeddable":true,"href":"https:\/\/www.raisedbogs.ie\/ga\/wp-json\/wp\/v2\/tags?post=3353"}],"curies":[{"name":"wp","href":"https:\/\/api.w.org\/{rel}","templated":true}]}}