{"id":3349,"date":"2017-01-26T10:10:52","date_gmt":"2017-01-26T10:10:52","guid":{"rendered":"https:\/\/www.raisedbogs.ie\/tionscadal-life-an-ae-ar-phortach-cheathru-bheithi-na-ceachrach\/"},"modified":"2022-12-21T13:44:40","modified_gmt":"2022-12-21T13:44:40","slug":"tionscadal-life-an-ae-ar-phortach-cheathru-bheithi-na-ceachrach","status":"publish","type":"post","link":"https:\/\/www.raisedbogs.ie\/ga\/tionscadal-life-an-ae-ar-phortach-cheathru-bheithi-na-ceachrach\/","title":{"rendered":"Tionscadal LIFE an AE ar Phortach Cheathr\u00fa Bheith\u00ed\/na Ceachrach"},"content":{"rendered":"<p><a href=\"https:\/\/www.raisedbogs.ie\/wp-content\/uploads\/2017\/01\/12.-Bog-pic.jpg\"><img loading=\"lazy\" decoding=\"async\" class=\"alignnone size-medium wp-image-301\" src=\"https:\/\/www.raisedbogs.ie\/wp-content\/uploads\/2017\/01\/12.-Bog-pic-300x200.jpg\" alt=\"\" width=\"300\" height=\"200\" srcset=\"https:\/\/www.raisedbogs.ie\/wp-content\/uploads\/2017\/01\/12.-Bog-pic-300x200.jpg 300w, https:\/\/www.raisedbogs.ie\/wp-content\/uploads\/2017\/01\/12.-Bog-pic-768x512.jpg 768w, https:\/\/www.raisedbogs.ie\/wp-content\/uploads\/2017\/01\/12.-Bog-pic.jpg 800w\" sizes=\"auto, (max-width: 300px) 100vw, 300px\" \/><\/a><\/p>\n<p>Thug an Portach Beo faoi cuid mh\u00f3r obair mhionsonraithe shuirbh\u00e9ireachta ar an l\u00e1ithre\u00e1n seo sular cuireadh t\u00fas le hoibreacha athch\u00f3irithe Rinneadh meas\u00fan\u00fa go c\u00faramach ar shu\u00edomhanna damba agus ar ghluaiseacht an uisce ar an bportach sular th\u00e1inig muintir agus meais\u00edn\u00ed le ch\u00e9ile leis an bportach a athch\u00f3iri\u00fa.<\/p>\n<p>Idir m\u00ed na Samhna 2019 agus m\u00ed an Mh\u00e1rta 2020 rinneamar nach m\u00f3r 1,100 damba a shuite\u00e1il ar fud an phortaigh le huisce a choinne\u00e1il ar an bportach agus le carb\u00f3n r\u00edluachmhar a ghlas\u00e1il go domhain ina ithreacha m\u00f3inteacha. T\u00e1 fl\u00f3ra agus f\u00e1na neamhchoitianta tar \u00e9is f\u00e1s ar an l\u00e1ithre\u00e1n ar\u00eds agus athch\u00f3iri\u00fa dochreidte bainte amach.<\/p>\n<p>T\u00e1 m\u00e9ad\u00fa m\u00f3r tagtha ar an bportach ardaithe gn\u00edomhach anseo. Tabharfar na sonra\u00ed ar fad go mall in 2021.<\/p>\n<p>Sula raibh muidne ann, rinneadh oibreacha athch\u00f3irithe ar an su\u00edomh roimh 2005. Bloc\u00e1ladh cuid draenacha san ardphortach mar chuid de sin. Th\u00e1inig m\u00e9ad\u00fa measartha ar an bportach ardaithe gn\u00edomhach mar gheall ar na draenacha a bhloc\u00e1il. T\u00e1 forbairt tagtha ar \u00e9iceat\u00f3p fo-imeallach, seachas \u00e9iceat\u00f3p imeallach, thart ar choimpl\u00e9asc na ndraenacha bloc\u00e1ilte, mar thoradh go d\u00edreach ar na hoibreacha athch\u00f3irithe is d\u00f3cha. In 2010, threascair an tSeirbh\u00eds P\u00e1irceanna N\u00e1isi\u00fanta agus Fiadh\u00falra f\u00e1schoill buairc\u00edneach chun dramha\u00edola ar an ardphortach ar an gcuid thuaidh den l\u00e1ithre\u00e1n.<\/p>\n<p>An cusp\u00f3ir caomhantais reatha at\u00e1 ann do Phortach Cheathr\u00fa Bheith\u00ed\/na Ceachrach n\u00e1 an t-achar de Phortach Ardaithe Gn\u00edomhach a athch\u00f3iri\u00fa go dt\u00ed an t-achar a bh\u00ed ann nuair a th\u00e1inig an Treoir um Ghn\u00e1th\u00f3ga i bhfeidhm sa bhliain 1994.<\/p>\n<p>I gc\u00e1s Portach Ardaithe Gn\u00edomhach, t\u00e1 s\u00e9 mar chuid den chusp\u00f3ir Portach Ardaithe D\u00edghr\u00e1daithe a athch\u00f3iri\u00fa.<\/p>\n<p>An cusp\u00f3ir at\u00e1 ann \u00f3 thaobh achair de le haghaidh Portach Ardaithe Gn\u00edomhach n\u00e1 94.70ha (87.66ha ar ardphortach agus 7.04ha ar phortach r\u00e9itithe).<\/p>\n<p>An cusp\u00f3ir at\u00e1 ann \u00f3 thaobh achair de le haghaidh Portach Ardaithe Gn\u00edomhach n\u00e1 94.70ha (87.66ha ar ardphortach agus 7.04ha ar phortach r\u00e9itithe).<\/p>\n<p>T\u00e1 na luachanna seo socraithe mar Luachanna Tagartha Fabhracha. Maidir le Portach Ardaithe D\u00edghr\u00e1daithe ar f\u00e9idir \u00e9 a athghini\u00faint, de r\u00e9ir l\u00e1mhleabhar an l\u00e9irmh\u00ednithe, ba ch\u00f3ir go mbeif\u00ed in ann \u00e9 a athghini\u00faint go \u2018portach ardaithe gn\u00edomhach\u2019 i gceann 30 bliain d\u00e1 gcuirf\u00ed na bearta cu\u00ed i bhfeidhm (gan aon ghn\u00edomha\u00edochta\u00ed m\u00f3ra ann a d\u2019imreodh tionchar agus aon oibreacha athch\u00f3irithe riachtanacha a theasta\u00edonn a chur i bhfeidhm).<\/p>\n<p>San am at\u00e1 thart, measadh faoin limist\u00e9ar gn\u00e1th\u00f3ige gur ardphortach \u00e9 n\u00e1r measadh \u00e9 a bheith gn\u00edomhach. N\u00ed ghlactar leis sin a thuilleadh \u00f3s rud \u00e9 nach mbeifear in ann cuid mhaith den ardphortach a athch\u00f3iri\u00fa go st\u00e1das gn\u00edomhach (An Roinn Eala\u00edon, Oidhreachta agus Gaeltachta, 2014). Caitear leis an ardphortach neamhghn\u00edomhach at\u00e1 f\u00e1gtha mar ghn\u00e1th\u00f3g thaca\u00edochta ag na gn\u00e1th\u00f3ga \u00f3 Iarscr\u00edbhinn I at\u00e1 ar an ardphortach Cuid riachtanach den aonad hidreola\u00edoch at\u00e1 sa ghn\u00e1th\u00f3g thaca\u00edochta seo at\u00e1 de dh\u00edth chun tac\u00fa le gn\u00e1th\u00f3ga ar ardphortach, b\u00edodh siad gn\u00edomhach n\u00f3 d\u00edghr\u00e1daithe.<\/p>\n<p>Is g\u00e1 limist\u00e9ir oiri\u00fanacha de phortach r\u00e9itithe a athch\u00f3iri\u00fa m\u00e1 t\u00e1 Portach Ardaithe Gn\u00edomhach chun an riocht fabhraithe caomhantais is fearr a bhaint amach ar an l\u00e1ithre\u00e1n Mar sin f\u00e9in, aithn\u00edtear gurbh fh\u00e9idir go mbeadh tr\u00e9imhse fhada ag teast\u00e1il (is \u00e9 sin, corradh le 30 bliain) i ndiaidh oibreacha athch\u00f3irithe cu\u00ed a dh\u00e9anamh ar na limist\u00e9ir de phortach r\u00e9itithe sula dtiocfaidh forbairt ar an ngn\u00e1th\u00f3g.<\/p>\n<p>Mar chuid d\u2019oibreacha athch\u00f3irithe feadh an phortaigh r\u00e9itithe thiar de LCS Phortach Choillidh Chonnaidh, l\u00e1ithre\u00e1n tionscadail eile d\u00e1r gcuid ar an teorainn idir an Cabh\u00e1n agus an Mh\u00ed, tugtar le fios go bhfuil f\u00e1sra ceannr\u00f3da\u00edoch \u2018portach ardaithe gn\u00edomhach\u2019 le f\u00e1il ann 8 mbliana tar \u00e9is tabhairt f\u00fathu sin.<\/p>\n<p>D\u00e1 mbainf\u00ed riocht fabhraithe caomhantais amach le haghaidh \u2018Portach Ardaithe Gn\u00edomhach\u2019 ar an l\u00e1ithre\u00e1n meastar, mar thoradh air, go bhf\u00e9adfa\u00ed riocht fabhraithe caomhantais a bhaint amach don d\u00e1 ghn\u00e1th\u00f3g eile fosta. T\u00e1 an tuairim sin bunaithe ar an dl\u00fathchaidreamh \u00e9iceola\u00edochta a mhaireann idir log\u00e1in i bPortach Ardaithe Gn\u00edomhach, Portach Ardaithe D\u00edghr\u00e1daithe agus Rhynchosporion.<\/p>\n<p>T\u00e1 laghd\u00fa beag tagtha ar an bPortach Ardaithe Gn\u00edomhach (3.02 ha) i gCeathr\u00fa Bheith\u00ed sa tr\u00e9imhse 2005 go 2012. An ch\u00fais at\u00e1 leis sin n\u00e1 gur cailleadh ceithre limist\u00e9ar d\u2019\u00e9iceat\u00f3p fol\u00e1ir a bh\u00ed ann roimhe, n\u00f3 cuid d\u00edobh. Bh\u00ed dh\u00e1 cheann de na limist\u00e9ir suite gar go leor d\u2019imeall an ardphortaigh. Bh\u00ed an d\u00e1 cheann eile suite ar chuid de na codanna is airde den phortach Anuas air sin, t\u00e1 cuid den \u00e9iceat\u00f3p l\u00e1rnach at\u00e1 d\u00edghr\u00e1daithe go c\u00e1il\u00edocht fol\u00e1ir T\u00e1 cur s\u00edos d\u00e9anta ar chuid de na limist\u00e9ir nua d\u00e9anta m\u00f3na ar an l\u00e1ithre\u00e1n, mar thoradh ar l\u00e9arsc\u00e1ili\u00fa allamuigh at\u00e1 n\u00edos cuimsith\u00ed seachas athruithe iarbh\u00edr. T\u00e1 athr\u00fa d\u00e9anta ar theorainneacha le limist\u00e9ir eile d\u00e9anta m\u00f3na chomh maith mar thoradh ar l\u00e9arsc\u00e1ili\u00fa allamuigh at\u00e1 n\u00edos cuimsith\u00ed.<\/p>\n<p>N\u00ed bhaintear m\u00f3in ar an l\u00e1ithre\u00e1n a thuilleadh. Na gn\u00edomha\u00edochta\u00ed is bagairt\u00ed ar an l\u00e1ithre\u00e1n faoi l\u00e1thair n\u00e1 draen\u00e1il agus coillteoireacht, is d\u00f3cha. T\u00e1 1.2km de dhraenacha f\u00f3s feidhmeach agus t\u00e1 6.2km d\u00edobh ag feidhmi\u00fa ar bhonn laghdaithe. Mar aon leis na draenacha ar an ardphortach, t\u00e1 draenacha eile ann<br \/>\nar d\u00f3cha go mbeidh drochthionchar acu ar hidreola\u00edocht an phortaigh agus a chuirfidh le caillteanais sa Phortach Ardaithe Gn\u00edomhach: draen\u00e1il ar an imeall, lena n-\u00e1ir\u00edtear seandraenacha ar an bportach r\u00e9itithe chomh maith le draenacha talmha\u00edochta agus foraoiseachta gar don ardphortach a ndearnadh cothabh\u00e1il orthu le gairid.<\/p>\n<p>Sa suirbh\u00e9 in 2012, tuairisc\u00edodh go bhfuil bloc\u00e1il draenacha ar an ardphortach mar ghn\u00edomh dearfach bainist\u00edochta chun an c\u00f3ras hidreola\u00edoch a athch\u00f3iri\u00fa\/a fheabhs\u00fa. T\u00f3gfar air sin mar chuid de thionscadal LIFE.<\/p>\n<p><img loading=\"lazy\" decoding=\"async\" class=\"alignnone size-full wp-image-303\" src=\"https:\/\/www.raisedbogs.ie\/wp-content\/uploads\/2017\/01\/13.-life-logo.jpg\" alt=\"\" width=\"200\" height=\"145\"> <a href=\"https:\/\/www.raisedbogs.ie\/wp-content\/uploads\/2017\/01\/13.-natura2000.jpg\"><img loading=\"lazy\" decoding=\"async\" class=\"alignnone size-medium wp-image-304\" src=\"https:\/\/www.raisedbogs.ie\/wp-content\/uploads\/2017\/01\/13.-natura2000.jpg\" alt=\"\" width=\"200\" height=\"173\"><\/a><\/p>\n","protected":false},"excerpt":{"rendered":"<p>Thug an Portach Beo faoi cuid mh\u00f3r obair mhionsonraithe shuirbh\u00e9ireachta ar an l\u00e1ithre\u00e1n seo sular cuireadh t\u00fas le hoibreacha athch\u00f3irithe Rinneadh meas\u00fan\u00fa go c\u00faramach ar shu\u00edomhanna damba agus ar ghluaiseacht [&hellip;]<\/p>\n","protected":false},"author":9,"featured_media":2184,"comment_status":"open","ping_status":"open","sticky":false,"template":"","format":"standard","meta":{"_acf_changed":false,"_EventAllDay":false,"_EventTimezone":"","_EventStartDate":"","_EventEndDate":"","_EventStartDateUTC":"","_EventEndDateUTC":"","_EventShowMap":false,"_EventShowMapLink":false,"_EventURL":"","_EventCost":"","_EventCostDescription":"","_EventCurrencySymbol":"","_EventCurrencyCode":"","_EventCurrencyPosition":"","_EventDateTimeSeparator":"","_EventTimeRangeSeparator":"","_EventOrganizerID":[],"_EventVenueID":[],"_OrganizerEmail":"","_OrganizerPhone":"","_OrganizerWebsite":"","_VenueAddress":"","_VenueCity":"","_VenueCountry":"","_VenueProvince":"","_VenueState":"","_VenueZip":"","_VenuePhone":"","_VenueURL":"","_VenueStateProvince":"","_VenueLat":"","_VenueLng":"","_VenueShowMap":false,"_VenueShowMapLink":false,"footnotes":""},"categories":[590],"tags":[],"class_list":["post-3349","post","type-post","status-publish","format-standard","has-post-thumbnail","hentry","category-phortach-cheathru-bheithi-na-ceachrach"],"acf":[],"_links":{"self":[{"href":"https:\/\/www.raisedbogs.ie\/ga\/wp-json\/wp\/v2\/posts\/3349","targetHints":{"allow":["GET"]}}],"collection":[{"href":"https:\/\/www.raisedbogs.ie\/ga\/wp-json\/wp\/v2\/posts"}],"about":[{"href":"https:\/\/www.raisedbogs.ie\/ga\/wp-json\/wp\/v2\/types\/post"}],"author":[{"embeddable":true,"href":"https:\/\/www.raisedbogs.ie\/ga\/wp-json\/wp\/v2\/users\/9"}],"replies":[{"embeddable":true,"href":"https:\/\/www.raisedbogs.ie\/ga\/wp-json\/wp\/v2\/comments?post=3349"}],"version-history":[{"count":1,"href":"https:\/\/www.raisedbogs.ie\/ga\/wp-json\/wp\/v2\/posts\/3349\/revisions"}],"predecessor-version":[{"id":3412,"href":"https:\/\/www.raisedbogs.ie\/ga\/wp-json\/wp\/v2\/posts\/3349\/revisions\/3412"}],"wp:featuredmedia":[{"embeddable":true,"href":"https:\/\/www.raisedbogs.ie\/ga\/wp-json\/wp\/v2\/media\/2184"}],"wp:attachment":[{"href":"https:\/\/www.raisedbogs.ie\/ga\/wp-json\/wp\/v2\/media?parent=3349"}],"wp:term":[{"taxonomy":"category","embeddable":true,"href":"https:\/\/www.raisedbogs.ie\/ga\/wp-json\/wp\/v2\/categories?post=3349"},{"taxonomy":"post_tag","embeddable":true,"href":"https:\/\/www.raisedbogs.ie\/ga\/wp-json\/wp\/v2\/tags?post=3349"}],"curies":[{"name":"wp","href":"https:\/\/api.w.org\/{rel}","templated":true}]}}