{"id":3348,"date":"2017-02-01T15:19:17","date_gmt":"2017-02-01T15:19:17","guid":{"rendered":"https:\/\/www.raisedbogs.ie\/eolas-as-maidir-le-portach-an-fheir-bhain\/"},"modified":"2017-02-01T15:19:17","modified_gmt":"2017-02-01T15:19:17","slug":"eolas-as-maidir-le-portach-an-fheir-bhain","status":"publish","type":"post","link":"https:\/\/www.raisedbogs.ie\/ga\/eolas-as-maidir-le-portach-an-fheir-bhain\/","title":{"rendered":"Eolas as maidir le Portach an Fh\u00e9ir Bh\u00e1in"},"content":{"rendered":"<p>&nbsp;<\/p>\n<p><iframe loading=\"lazy\" title=\"Imreoir f\u00edse\u00e1n YouTube\" src=\"https:\/\/www.youtube.com\/embed\/i8HtM1xHLUI\" width=\"560\" height=\"315\" frameborder=\"0\" allowfullscreen=\"allowfullscreen\"><\/iframe><\/p>\n<p>Is portach r\u00e9as\u00fanta m\u00f3r ardaithe \u00e9 SAC Phortach an Fh\u00e9ir Bh\u00e1in. T\u00e1 achar dromchla de 153.08 heicte\u00e1r aige agus t\u00e1 s\u00e9 suite siar \u00f3 thuaidh \u00f3 bhaile an Fh\u00e9ir Bh\u00e1in&nbsp;. As an 12 l\u00e1ithre\u00e1n tionscadail at\u00e1 againn is \u00e9 seo an ceann is gaire do bhaile.<\/p>\n<p>T\u00e1 s\u00e9 ar cheann de sh\u00e9 phortach in U\u00edbh Fhail\u00ed ar su\u00edomhanna tionscadail LIFE iad, agus t\u00e1 s\u00e9 ar cheann de na sampla\u00ed is fearr de phortach ardaithe l\u00e1r t\u00edre den chine\u00e1l imchuach \u2013 fliuch agus sp\u00fainsi\u00fail agus saibhir i bhfl\u00f3ra (in amanna cl\u00fada\u00edonn <em>Sfagnam<\/em> 100% in \u00e1iteanna). T\u00e1 beagnach 100 speiceas faoi bhl\u00e1th ar an bportach ard, agus&nbsp; taca\u00edonn an portach ina ioml\u00e1ine le l\u00edon m\u00f3r \u00e9an, mamach agus amfaibiach, agus chonacthas an Crotach at\u00e1 faoi bhagairt anseo le d\u00e9ana\u00ed I measc na n-\u00e9an eile a bh\u00edonn i bPortach an Fh\u00e9ir Bh\u00e1in t\u00e1 Naoscach, Riabh\u00f3g mh\u00f3na, Fuiseog, Meirli\u00fan, Pocaire gaoithe agus Spior\u00f3g.<\/p>\n<p><img loading=\"lazy\" decoding=\"async\" class=\"alignnone size-large wp-image-988\" src=\"https:\/\/www.raisedbogs.ie\/wp-content\/uploads\/2017\/02\/Ferbane_logo-1024x723.jpg\" alt=\"\" width=\"1024\" height=\"723\" srcset=\"https:\/\/www.raisedbogs.ie\/wp-content\/uploads\/2017\/02\/Ferbane_logo-1024x723.jpg 1024w, https:\/\/www.raisedbogs.ie\/wp-content\/uploads\/2017\/02\/Ferbane_logo-300x212.jpg 300w, https:\/\/www.raisedbogs.ie\/wp-content\/uploads\/2017\/02\/Ferbane_logo-768x542.jpg 768w\" sizes=\"auto, (max-width: 1024px) 100vw, 1024px\" \/><\/p>\n<p>Sular tugadh faoi oibreacha athch\u00f3irithe, bh\u00ed portach ard neamhlean\u00fanach den chuid is m\u00f3 ar an su\u00edomh (119.96ha) agus banda caol de phortach r\u00e9itithe (33.12ha) timpeall air mar thoradh ar ghearradh m\u00f3na roimhe seo. Portach an-fhliuch a bh\u00ed i thart ar 27% de dhromchla ard an phortaigh agus an chuid eile d\u00edghr\u00e1daithe den chuid is m\u00f3 mar gheall ar an dochar a rinneadh do hidreola\u00edocht nuair a bh\u00ed gearradh m\u00f3na, draen\u00e1il agus gn\u00edomha\u00edochta\u00ed \u00fas\u00e1ide tal\u00fan eile ar si\u00fal.<\/p>\n<p>Ach, c\u00e9 gur f\u00e9idir 72% den phortach ard a aicmi\u00fa mar phortach d\u00edghr\u00e1daithe, t\u00e1 s\u00e9 f\u00f3s in ann athghini\u00faint a dh\u00e9anamh.<\/p>\n<p>D&#8217;fhulaing Portach an Fh\u00e9ir Bh\u00e1in mar gheall ar dhraen\u00e1il fhairsing san am at\u00e1 thart, agus an deisceart agus an t-oirthear trasnaithe ag draenacha. Mar gheall ar an draen\u00e1il, thriomaigh an portach agus cailleadh uisce, chuir an gearradh m\u00f3na roimhe seo go m\u00f3r le cailleadh uisce freisin, chomh maith le bruacha \u00e9ad\u00e1in nochta agus draenacha arda portaigh. Thug fl\u00fairse p\u00e9ine i dtr\u00ed chuid den phortach le fios freisin go bhfuil an su\u00edomh seo ag triom\u00fa.<\/p>\n<p>C\u00e9 gur fhulaing an portach ard \u00f3 thaobh na hidreola\u00edochta de, t\u00e1 s\u00e9 f\u00f3s i riocht fabhrach, in-ath\u00fas\u00e1idte agus t\u00e1 s\u00e9 saibhir i bhfl\u00f3ra agus f\u00e1na. Th\u00e1inig deireadh le gearradh m\u00f3na ar an bhF\u00e9ar B\u00e1n sa bhliain 2011 agus ina dhiaidh sin.<\/p>\n<div id=\"attachment_990\" style=\"width: 1034px\" class=\"wp-caption alignnone\"><img loading=\"lazy\" decoding=\"async\" aria-describedby=\"caption-attachment-990\" class=\"size-large wp-image-990\" src=\"https:\/\/www.raisedbogs.ie\/wp-content\/uploads\/2017\/02\/bog-cotton-1-1024x768.jpg\" alt=\"\" width=\"1024\" height=\"768\" srcset=\"https:\/\/www.raisedbogs.ie\/wp-content\/uploads\/2017\/02\/bog-cotton-1-1024x768.jpg 1024w, https:\/\/www.raisedbogs.ie\/wp-content\/uploads\/2017\/02\/bog-cotton-1-300x225.jpg 300w, https:\/\/www.raisedbogs.ie\/wp-content\/uploads\/2017\/02\/bog-cotton-1-768x576.jpg 768w\" sizes=\"auto, (max-width: 1024px) 100vw, 1024px\" \/><p id=\"caption-attachment-990\" class=\"wp-caption-text\">Ceannbh\u00e1n (Eriophorum angustifolium) &#8211; planda do thalamh taise m\u00f3na An raibh a fhios agat gur ainmn\u00edodh an F\u00e9ar B\u00e1n ina dhiaidh? T\u00e1 an F\u00e9ar B\u00e1n coitianta sa taobh seo t\u00edre.<\/p><\/div>\n<p>D&#8217;fhonn hidreola\u00edocht Phortach an Fh\u00e9ir Bh\u00e1in a athbhun\u00fa, chuir foireann tionscadail LIFE bac ar bheagnach 16,000 m\u00e9adar de dhraenacha, i measc gn\u00edomhartha athch\u00f3irithe eile. Rinneadh oibreacha athch\u00f3irithe anseo idir L\u00fanasa 2019 agus Nollaig 2019, agus cuireadh isteach beagnach 1,200 damba m\u00f3na agus roinnt cinn phlaisteacha.. Rinneadh n\u00edos m\u00f3 oibreacha anseo i gcompar\u00e1id le su\u00edomhanna eile tionscadail, agus n\u00edor cuireadh isteach n\u00edos m\u00f3 damba\u00ed in aon \u00e1it seachas i bPortach Cheathr\u00fa na gCapall i nGaillimh.<\/p>\n<div id=\"attachment_1924\" style=\"width: 1034px\" class=\"wp-caption aligncenter\"><a href=\"https:\/\/www.raisedbogs.ie\/wp-content\/uploads\/2017\/02\/568A0336-scaled.jpg\"><img loading=\"lazy\" decoding=\"async\" aria-describedby=\"caption-attachment-1924\" class=\"size-large wp-image-1924\" src=\"https:\/\/www.raisedbogs.ie\/wp-content\/uploads\/2017\/02\/568A0336-1024x683.jpg\" alt=\"\" width=\"1024\" height=\"683\" srcset=\"https:\/\/www.raisedbogs.ie\/wp-content\/uploads\/2017\/02\/568A0336-1024x683.jpg 1024w, https:\/\/www.raisedbogs.ie\/wp-content\/uploads\/2017\/02\/568A0336-300x200.jpg 300w, https:\/\/www.raisedbogs.ie\/wp-content\/uploads\/2017\/02\/568A0336-768x512.jpg 768w, https:\/\/www.raisedbogs.ie\/wp-content\/uploads\/2017\/02\/568A0336-1536x1024.jpg 1536w, https:\/\/www.raisedbogs.ie\/wp-content\/uploads\/2017\/02\/568A0336-2048x1365.jpg 2048w\" sizes=\"auto, (max-width: 1024px) 100vw, 1024px\" \/><\/a><p id=\"caption-attachment-1924\" class=\"wp-caption-text\">Oibreacha athch\u00f3irithe \u00e1 nd\u00e9anamh ar Phortach an Fh\u00e9ir Bh\u00e1in Pic: Rebecca Teasdale.<\/p><\/div>\n<p>Is sampla bre\u00e1 \u00e9 Portach an Fh\u00e9ir Bh\u00e1in de phortach ardaithe agus t\u00e1 t\u00e1bhacht nach beag ag baint leis \u00f3 thaobh caomhnaithe de. T\u00e1 titim ag teacht ar l\u00edon na bportach ardaithe gn\u00edomhaigh in \u00c9irinn agus san Eoraip, agus t\u00e1 an F\u00e9ar B\u00e1n ar cheann de na sampla\u00ed is fearr d\u00e1 bhfuil f\u00e1gtha.<\/p>\n<p>Roghna\u00edodh portach an Fh\u00e9ir Bh\u00e1in mar iarrth\u00f3ir le haghaidh Limist\u00e9ar Faoi Chaomhn\u00fa Speisialta (cSAC) do Phortaigh Ardaithe Gn\u00edomhacha 7110, Portach Ardaithe D\u00edghr\u00e1daithe 7120 agus Lagraigh ar fhoshraitheanna m\u00f3na (Rhynchosporion) 7150 \u2013 gn\u00e1th\u00f3ga at\u00e1 liostaithe ar Iarscr\u00edbhinn I de Threoir an AE maidir le Gn\u00e1th\u00f3ga (992\/43\/CEE), \u00e1it a nd\u00e9antar Portaigh Ardaithe Gn\u00edomhacha 7110 a rang\u00fa tuilleadh mar ghn\u00e1th\u00f3g &#8220;tosa\u00edochta&#8221;.<\/p>\n","protected":false},"excerpt":{"rendered":"<p>&nbsp; Is portach r\u00e9as\u00fanta m\u00f3r ardaithe \u00e9 SAC Phortach an Fh\u00e9ir Bh\u00e1in. T\u00e1 achar dromchla de 153.08 heicte\u00e1r aige agus t\u00e1 s\u00e9 suite siar \u00f3 thuaidh \u00f3 bhaile an Fh\u00e9ir [&hellip;]<\/p>\n","protected":false},"author":9,"featured_media":2458,"comment_status":"open","ping_status":"open","sticky":false,"template":"","format":"standard","meta":{"_acf_changed":false,"_EventAllDay":false,"_EventTimezone":"","_EventStartDate":"","_EventEndDate":"","_EventStartDateUTC":"","_EventEndDateUTC":"","_EventShowMap":false,"_EventShowMapLink":false,"_EventURL":"","_EventCost":"","_EventCostDescription":"","_EventCurrencySymbol":"","_EventCurrencyCode":"","_EventCurrencyPosition":"","_EventDateTimeSeparator":"","_EventTimeRangeSeparator":"","_EventOrganizerID":[],"_EventVenueID":[],"_OrganizerEmail":"","_OrganizerPhone":"","_OrganizerWebsite":"","_VenueAddress":"","_VenueCity":"","_VenueCountry":"","_VenueProvince":"","_VenueState":"","_VenueZip":"","_VenuePhone":"","_VenueURL":"","_VenueStateProvince":"","_VenueLat":"","_VenueLng":"","_VenueShowMap":false,"_VenueShowMapLink":false,"footnotes":""},"categories":[470,474],"tags":[748,749,744],"class_list":["post-3348","post","type-post","status-publish","format-standard","has-post-thumbnail","hentry","category-leathanach-baile-na-bportach","category-portach-ferbane","tag-fheir-bhain-co-uibh-fhaili","tag-gclar-life","tag-portach-ferbane"],"acf":[],"_links":{"self":[{"href":"https:\/\/www.raisedbogs.ie\/ga\/wp-json\/wp\/v2\/posts\/3348","targetHints":{"allow":["GET"]}}],"collection":[{"href":"https:\/\/www.raisedbogs.ie\/ga\/wp-json\/wp\/v2\/posts"}],"about":[{"href":"https:\/\/www.raisedbogs.ie\/ga\/wp-json\/wp\/v2\/types\/post"}],"author":[{"embeddable":true,"href":"https:\/\/www.raisedbogs.ie\/ga\/wp-json\/wp\/v2\/users\/9"}],"replies":[{"embeddable":true,"href":"https:\/\/www.raisedbogs.ie\/ga\/wp-json\/wp\/v2\/comments?post=3348"}],"version-history":[{"count":0,"href":"https:\/\/www.raisedbogs.ie\/ga\/wp-json\/wp\/v2\/posts\/3348\/revisions"}],"wp:featuredmedia":[{"embeddable":true,"href":"https:\/\/www.raisedbogs.ie\/ga\/wp-json\/wp\/v2\/media\/2458"}],"wp:attachment":[{"href":"https:\/\/www.raisedbogs.ie\/ga\/wp-json\/wp\/v2\/media?parent=3348"}],"wp:term":[{"taxonomy":"category","embeddable":true,"href":"https:\/\/www.raisedbogs.ie\/ga\/wp-json\/wp\/v2\/categories?post=3348"},{"taxonomy":"post_tag","embeddable":true,"href":"https:\/\/www.raisedbogs.ie\/ga\/wp-json\/wp\/v2\/tags?post=3348"}],"curies":[{"name":"wp","href":"https:\/\/api.w.org\/{rel}","templated":true}]}}