{"id":3332,"date":"2017-01-16T09:57:05","date_gmt":"2017-01-16T09:57:05","guid":{"rendered":"https:\/\/www.raisedbogs.ie\/maidir-le-portach-chloirthigh\/"},"modified":"2022-12-21T12:14:28","modified_gmt":"2022-12-21T12:14:28","slug":"maidir-le-portach-chloirthigh","status":"publish","type":"post","link":"https:\/\/www.raisedbogs.ie\/ga\/maidir-le-portach-chloirthigh\/","title":{"rendered":"Maidir le Portach Chl\u00f3irthigh"},"content":{"rendered":"<p>Is \u00e9 Anaclann D\u00falra Phortach Chl\u00f3irthigh an sampla is fearr at\u00e1 f\u00e1gtha de phortach ardaithe in \u00c9irinn sa l\u00e1 at\u00e1 inniu ann agus is \u00e9 an l\u00e1ithre\u00e1n tionscadail is m\u00f3 at\u00e1 againn. Cl\u00fada\u00edonn s\u00e9 thart ar 840 heicte\u00e1r ina bhfuil thart ar 443.36ha de phortach ard gan ghearradh agus 393.18ha de phortach gearrtha (mar thoradh ar bhaint mh\u00f3na agus ar fh\u00f3mhar m\u00f3na roimhe seo). T\u00e1 na c\u00e9adta speiceas planda\u00ed agus ainmhithe ann, agus go leor planda\u00ed neamhchoitianta nach bhfaightear ach amh\u00e1in sa su\u00edomh seo.<\/p>\n<p>T\u00e1 Portach Chl\u00f3irthigh ar cheann de na portaigh ardaithe is t\u00e1bhachta\u00ed san Eoraip, agus \u00e9 ar an sampla is m\u00f3 at\u00e1 f\u00e1gtha den fh\u00edor-Phortach Ardaithe L\u00e1r T\u00edre. L\u00e9ir\u00edonn s\u00e9 an chaoi a raibh t\u00edrdhreach an r\u00e9igi\u00fain seo le feice\u00e1il uair amh\u00e1in agus ansin go ndeachaigh s\u00e9 timpeall ar an talamh m\u00e1guaird. Tharla athruithe sa phortach le 10,000 bliain anuas, ach b&#8217;fh\u00e9idir gur sa 200 bliain deireanach a tharla na hathruithe is m\u00f3, nuair a bh\u00edodh an mh\u00f3in \u00e1 baint agus b\u00f3thar \u00e1 chruth\u00fa d\u00edreach tr\u00edd. \u00d3 cuireadh b\u00f3thar isteach, t\u00e1 an portach tar \u00e9is crapadh go m\u00f3r.<\/p>\n<p>&nbsp;<\/p>\n<div id=\"attachment_838\" style=\"width: 310px\" class=\"wp-caption aligncenter\"><img loading=\"lazy\" decoding=\"async\" aria-describedby=\"caption-attachment-838\" class=\"size-medium wp-image-838\" src=\"https:\/\/www.raisedbogs.ie\/wp-content\/uploads\/2017\/01\/Clara-1809-to-2006-300x190.jpg\" alt=\"\" width=\"300\" height=\"190\" srcset=\"https:\/\/www.raisedbogs.ie\/wp-content\/uploads\/2017\/01\/Clara-1809-to-2006-300x190.jpg 300w, https:\/\/www.raisedbogs.ie\/wp-content\/uploads\/2017\/01\/Clara-1809-to-2006-768x487.jpg 768w, https:\/\/www.raisedbogs.ie\/wp-content\/uploads\/2017\/01\/Clara-1809-to-2006-1024x650.jpg 1024w, https:\/\/www.raisedbogs.ie\/wp-content\/uploads\/2017\/01\/Clara-1809-to-2006.jpg 1086w\" sizes=\"auto, (max-width: 300px) 100vw, 300px\" \/><p id=\"caption-attachment-838\" class=\"wp-caption-text\">Aghaidh athraitheach Phortach Chl\u00f3irthigh i gContae U\u00edbh Fhail\u00ed le 200 bliain.<\/p><\/div>\n<p>Ach cuireadh stop leis an gcrapadh, agus rinneadh iarrachta\u00ed d\u00e1ir\u00edre \u00e9 a sh\u00e1bh\u00e1il sna 1960\u00ed. T\u00e1 s\u00e9 faoi chosaint \u00f3 shin i roinnt ainmni\u00fach\u00e1n n\u00e1isi\u00fanta agus idirn\u00e1isi\u00fanta agus is Limist\u00e9ar Faoi Chaomhn\u00fa Speisialta \u00e9, l\u00e1ithre\u00e1n Natura 2000, Anaclann D\u00falra N\u00e1isi\u00fanta, Su\u00edomh Bogaigh RAMSAR, agus Limist\u00e9ar Oidhreachta N\u00e1d\u00fartha.<\/p>\n<p>T\u00e1 Ionad Cuairteoir\u00ed ar buadh gradaim lena haghaidh ann chomh maith le cl\u00e1rchos\u00e1in l\u00fabtha agus turais agus imeachta\u00ed rialta agus tugtar blaiseadh iontach de bhreis agus 10,000 bliain den stair sna deich gcilim\u00e9adar cearnach at\u00e1 thart ar Phortach Chl\u00f3irthigh. A bhu\u00edochas ar Chl\u00e1r LIFE agus &#8216;An Portach Beo&#8217;, beidh portach ardaithe n\u00edos gn\u00edomha\u00ed i SAC Phortach Chl\u00f3irthigh n\u00e1 mar a bh\u00ed ag aon ch\u00e9im le 25 bliain anuas.<\/p>\n<p>Tiocfaidh feabhas ar na c\u00e9adta heicte\u00e1r idir seo agus 2020 mar gheall ar oibreacha athch\u00f3irithe, agus is \u00e9 180 heicte\u00e1r an cusp\u00f3ir ceantair do Phortach Ardaithe Gn\u00edomhach Chl\u00f3irthigh. Is ionann sin agus thart ar an deichi\u00fa cuid den Phortach Ardaithe Gn\u00edomhach go l\u00e9ir at\u00e1 f\u00f3s in \u00c9irinn tar \u00e9is \u00e1r gcreachadh m\u00f3rdh\u00edola de na portaigh.<\/p>\n<p><iframe loading=\"lazy\" src=\"https:\/\/www.youtube.com\/embed\/yibzyfuxCHw\" width=\"560\" height=\"315\" frameborder=\"0\" allowfullscreen=\"allowfullscreen\"><\/iframe><\/p>\n<p><iframe loading=\"lazy\" src=\"https:\/\/www.youtube.com\/embed\/osHNHwXjEcE\" width=\"560\" height=\"315\" frameborder=\"0\" allowfullscreen=\"allowfullscreen\"><\/iframe><\/p>\n","protected":false},"excerpt":{"rendered":"<p>Is \u00e9 Anaclann D\u00falra Phortach Chl\u00f3irthigh an sampla is fearr at\u00e1 f\u00e1gtha de phortach ardaithe in \u00c9irinn sa l\u00e1 at\u00e1 inniu ann agus is \u00e9 an l\u00e1ithre\u00e1n tionscadail is m\u00f3 [&hellip;]<\/p>\n","protected":false},"author":9,"featured_media":2175,"comment_status":"open","ping_status":"open","sticky":false,"template":"","format":"standard","meta":{"_acf_changed":false,"_EventAllDay":false,"_EventTimezone":"","_EventStartDate":"","_EventEndDate":"","_EventStartDateUTC":"","_EventEndDateUTC":"","_EventShowMap":false,"_EventShowMapLink":false,"_EventURL":"","_EventCost":"","_EventCostDescription":"","_EventCurrencySymbol":"","_EventCurrencyCode":"","_EventCurrencyPosition":"","_EventDateTimeSeparator":"","_EventTimeRangeSeparator":"","_EventOrganizerID":[],"_EventVenueID":[],"_OrganizerEmail":"","_OrganizerPhone":"","_OrganizerWebsite":"","_VenueAddress":"","_VenueCity":"","_VenueCountry":"","_VenueProvince":"","_VenueState":"","_VenueZip":"","_VenuePhone":"","_VenueURL":"","_VenueStateProvince":"","_VenueLat":"","_VenueLng":"","_VenueShowMap":false,"_VenueShowMapLink":false,"footnotes":""},"categories":[470,592],"tags":[664,610,663],"class_list":["post-3332","post","type-post","status-publish","format-standard","has-post-thumbnail","hentry","category-leathanach-baile-na-bportach","category-portach-chloirthigh","tag-ionad-cuairteoiri-phortach-chloirthigh-ga","tag-npws-ga","tag-sac-phortach-chloirthigh"],"acf":[],"_links":{"self":[{"href":"https:\/\/www.raisedbogs.ie\/ga\/wp-json\/wp\/v2\/posts\/3332","targetHints":{"allow":["GET"]}}],"collection":[{"href":"https:\/\/www.raisedbogs.ie\/ga\/wp-json\/wp\/v2\/posts"}],"about":[{"href":"https:\/\/www.raisedbogs.ie\/ga\/wp-json\/wp\/v2\/types\/post"}],"author":[{"embeddable":true,"href":"https:\/\/www.raisedbogs.ie\/ga\/wp-json\/wp\/v2\/users\/9"}],"replies":[{"embeddable":true,"href":"https:\/\/www.raisedbogs.ie\/ga\/wp-json\/wp\/v2\/comments?post=3332"}],"version-history":[{"count":1,"href":"https:\/\/www.raisedbogs.ie\/ga\/wp-json\/wp\/v2\/posts\/3332\/revisions"}],"predecessor-version":[{"id":3376,"href":"https:\/\/www.raisedbogs.ie\/ga\/wp-json\/wp\/v2\/posts\/3332\/revisions\/3376"}],"wp:featuredmedia":[{"embeddable":true,"href":"https:\/\/www.raisedbogs.ie\/ga\/wp-json\/wp\/v2\/media\/2175"}],"wp:attachment":[{"href":"https:\/\/www.raisedbogs.ie\/ga\/wp-json\/wp\/v2\/media?parent=3332"}],"wp:term":[{"taxonomy":"category","embeddable":true,"href":"https:\/\/www.raisedbogs.ie\/ga\/wp-json\/wp\/v2\/categories?post=3332"},{"taxonomy":"post_tag","embeddable":true,"href":"https:\/\/www.raisedbogs.ie\/ga\/wp-json\/wp\/v2\/tags?post=3332"}],"curies":[{"name":"wp","href":"https:\/\/api.w.org\/{rel}","templated":true}]}}