{"id":3048,"date":"2017-02-08T16:16:14","date_gmt":"2017-02-08T16:16:14","guid":{"rendered":"https:\/\/www.raisedbogs.ie\/pobal-agus-stair\/"},"modified":"2017-02-08T16:16:14","modified_gmt":"2017-02-08T16:16:14","slug":"pobal-agus-stair","status":"publish","type":"post","link":"https:\/\/www.raisedbogs.ie\/ga\/pobal-agus-stair\/","title":{"rendered":"Pobal agus Stair"},"content":{"rendered":"<p>T\u00e1 an leathanach seo \u00e1 chur le ch\u00e9ile ag \u00e1r mBainisteoir Feasachta Poibl\u00ed faoi l\u00e1thair. M\u00e1 t\u00e1 aon sc\u00e9alta, grianghraif, n\u00f3 eolas suimi\u00fail agat ar SAC Phortach Mhaigh Cl\u00e1ir, seol r\u00edomhphost chuig <a href=\"mailto:ronan.casey@npws.gov.ie\" target=\"_blank\" rel=\"noopener\">ronan.casey@housing.gov.ie<\/a> n\u00f3 glaoigh ar 076 1002627.<\/p>\n","protected":false},"excerpt":{"rendered":"<p>T\u00e1 an leathanach seo \u00e1 chur le ch\u00e9ile ag \u00e1r mBainisteoir Feasachta Poibl\u00ed faoi l\u00e1thair. M\u00e1 t\u00e1 aon sc\u00e9alta, grianghraif, n\u00f3 eolas suimi\u00fail agat ar SAC Phortach Mhaigh Cl\u00e1ir, seol [&hellip;]<\/p>\n","protected":false},"author":9,"featured_media":2552,"comment_status":"open","ping_status":"open","sticky":false,"template":"","format":"standard","meta":{"_acf_changed":false,"_EventAllDay":false,"_EventTimezone":"","_EventStartDate":"","_EventEndDate":"","_EventStartDateUTC":"","_EventEndDateUTC":"","_EventShowMap":false,"_EventShowMapLink":false,"_EventURL":"","_EventCost":"","_EventCostDescription":"","_EventCurrencySymbol":"","_EventCurrencyCode":"","_EventCurrencyPosition":"","_EventDateTimeSeparator":"","_EventTimeRangeSeparator":"","_EventOrganizerID":[],"_EventVenueID":[],"_OrganizerEmail":"","_OrganizerPhone":"","_OrganizerWebsite":"","_VenueAddress":"","_VenueCity":"","_VenueCountry":"","_VenueProvince":"","_VenueState":"","_VenueZip":"","_VenuePhone":"","_VenueURL":"","_VenueStateProvince":"","_VenueLat":"","_VenueLng":"","_VenueShowMap":false,"_VenueShowMapLink":false,"footnotes":""},"categories":[591],"tags":[],"class_list":["post-3048","post","type-post","status-publish","format-standard","has-post-thumbnail","hentry","category-portach-mhaigh-gcearr"],"acf":[],"_links":{"self":[{"href":"https:\/\/www.raisedbogs.ie\/ga\/wp-json\/wp\/v2\/posts\/3048","targetHints":{"allow":["GET"]}}],"collection":[{"href":"https:\/\/www.raisedbogs.ie\/ga\/wp-json\/wp\/v2\/posts"}],"about":[{"href":"https:\/\/www.raisedbogs.ie\/ga\/wp-json\/wp\/v2\/types\/post"}],"author":[{"embeddable":true,"href":"https:\/\/www.raisedbogs.ie\/ga\/wp-json\/wp\/v2\/users\/9"}],"replies":[{"embeddable":true,"href":"https:\/\/www.raisedbogs.ie\/ga\/wp-json\/wp\/v2\/comments?post=3048"}],"version-history":[{"count":0,"href":"https:\/\/www.raisedbogs.ie\/ga\/wp-json\/wp\/v2\/posts\/3048\/revisions"}],"wp:featuredmedia":[{"embeddable":true,"href":"https:\/\/www.raisedbogs.ie\/ga\/wp-json\/wp\/v2\/media\/2552"}],"wp:attachment":[{"href":"https:\/\/www.raisedbogs.ie\/ga\/wp-json\/wp\/v2\/media?parent=3048"}],"wp:term":[{"taxonomy":"category","embeddable":true,"href":"https:\/\/www.raisedbogs.ie\/ga\/wp-json\/wp\/v2\/categories?post=3048"},{"taxonomy":"post_tag","embeddable":true,"href":"https:\/\/www.raisedbogs.ie\/ga\/wp-json\/wp\/v2\/tags?post=3048"}],"curies":[{"name":"wp","href":"https:\/\/api.w.org\/{rel}","templated":true}]}}