{"id":3046,"date":"2017-02-09T16:42:26","date_gmt":"2017-02-09T16:42:26","guid":{"rendered":"https:\/\/www.raisedbogs.ie\/saol-ar-phortach-an-raithin-mhoir\/"},"modified":"2017-02-09T16:42:26","modified_gmt":"2017-02-09T16:42:26","slug":"saol-ar-phortach-an-raithin-mhoir","status":"publish","type":"post","link":"https:\/\/www.raisedbogs.ie\/ga\/saol-ar-phortach-an-raithin-mhoir\/","title":{"rendered":"Saol ar Phortach an R\u00e1ith\u00edn Mh\u00f3ir"},"content":{"rendered":"<p>Cl\u00fada\u00edonn Ardphortach Gn\u00edomhach os cionn 40% de limist\u00e9ar ardphortaigh, SAC Ardphortach an R\u00e1ith\u00edn Mh\u00f3ir, ach c\u00e9 nach \u00e9 seo an t-aon \u00e1it a bhfuil beocht ar an bportach, is \u00e1it mhaith \u00e9 le tos\u00fa.<\/p>\n<p>T\u00e1 cro\u00edl\u00e1r fliuch r\u00e9as\u00fanta m\u00f3r d\u2019ardphortach gn\u00edomhach ag Portach an R\u00e1ith\u00edn Mh\u00f3ir. Is minic a bh\u00edonn an caonach portaigh <em>S. imbricatum<\/em> agus <em>S. fuscum<\/em> sna tul\u00f3ga. T\u00e1 roinnt mhaith linnte ann, agus is ar imill na linnte agus sna faich\u00ed fliucha is fearr a fhorbra\u00edtear gn\u00e1th\u00f3g Rhynchosporion. Is iond\u00fail go mb\u00edonn caonach portaigh S. cuspidatum sna ceantair seo. N\u00ed bh\u00edonn m\u00f3r\u00e1n speicis fl\u00f3ra planda\u00ed soith\u00edocha ann, agus is iad B\u00e1chr\u00e1n <em>(Menyanthes trifoliata)<\/em>, Gobsheisc, Sciollam na m\u00f3na, Ceannbh\u00e1n <em>(Eriophorum angustifolium)<\/em> agus Cail\u00eds Mhuire mh\u00f3r <em>(Drosera anglica)<\/em> na pr\u00edomhspeicis. In \u00e1iteanna, t\u00e1 faich\u00ed <em>Sfagnam magellanicum<\/em> tar \u00e9is na linnte a l\u00edonadh. Ar an ioml\u00e1n, t\u00e1 cl\u00fadach caonach <em>Sfagnaim<\/em> ar an bportach an-mhaith.<\/p>\n<div id=\"attachment_901\" style=\"width: 610px\" class=\"wp-caption aligncenter\"><a href=\"https:\/\/www.raisedbogs.ie\/wp-content\/uploads\/2017\/02\/drosera_anglica_fly.jpg\"><img loading=\"lazy\" decoding=\"async\" aria-describedby=\"caption-attachment-901\" class=\"size-full wp-image-901\" src=\"https:\/\/www.raisedbogs.ie\/wp-content\/uploads\/2017\/02\/drosera_anglica_fly.jpg\" alt=\"\" width=\"600\" height=\"400\" srcset=\"https:\/\/www.raisedbogs.ie\/wp-content\/uploads\/2017\/02\/drosera_anglica_fly.jpg 600w, https:\/\/www.raisedbogs.ie\/wp-content\/uploads\/2017\/02\/drosera_anglica_fly-300x200.jpg 300w\" sizes=\"auto, (max-width: 600px) 100vw, 600px\" \/><\/a><p id=\"caption-attachment-901\" class=\"wp-caption-text\">L\u00f3n! L\u00f3n! Faigheann Cail\u00eds Mhuire mh\u00f3r (drosera anglica) greim ar chuileog<\/p><\/div>\n<p>Is ardphortach d\u00edghr\u00e1daithe den chuid is m\u00f3 at\u00e1 i gceantair imeallacha an ardphortaigh neamhghearrtha ina bhfeictear an m\u00e9id is m\u00f3 \u00e9ifeachta\u00ed draen\u00e1la. B\u00edonn f\u00e1sra na gceantar d\u00edghr\u00e1daithe seo f\u00f3s faoi smacht ag speicis phlanda\u00ed at\u00e1 coitianta ar ardphortach sl\u00e1n, c\u00e9 nach mb\u00edonn m\u00f3r\u00e1n speicis san fh\u00e1sra i gcompar\u00e1id le ceantair shl\u00e1na agus de ghn\u00e1th b\u00edonn cl\u00fadach Sfagnaim faoi 25%. I measc na speiceas is coitianta a bh\u00edonn i gceantair dh\u00edghr\u00e1daithe t\u00e1 Fraoch m\u00f3r <em>(Calluna vulgaris)<\/em>, Sciollam na m\u00f3na, Ceannbh\u00e1n <em>(Eriophorum spp.)<\/em>, C\u00edb cheanngheal, Fraoch naosca\u00ed <em>(Erica tetralix)<\/em> agus C\u00edb chruithneachta.<\/p>\n<div id=\"attachment_685\" style=\"width: 778px\" class=\"wp-caption aligncenter\"><a href=\"https:\/\/www.raisedbogs.ie\/wp-content\/uploads\/2017\/02\/bog-asphodel-1.jpg\"><img loading=\"lazy\" decoding=\"async\" aria-describedby=\"caption-attachment-685\" class=\"size-large wp-image-685\" src=\"https:\/\/www.raisedbogs.ie\/wp-content\/uploads\/2017\/02\/bog-asphodel-1-768x1024.jpg\" alt=\"\" width=\"768\" height=\"1024\" srcset=\"https:\/\/www.raisedbogs.ie\/wp-content\/uploads\/2017\/02\/bog-asphodel-1.jpg 768w, https:\/\/www.raisedbogs.ie\/wp-content\/uploads\/2017\/02\/bog-asphodel-1-225x300.jpg 225w\" sizes=\"auto, (max-width: 768px) 100vw, 768px\" \/><\/a><p id=\"caption-attachment-685\" class=\"wp-caption-text\">[Sciollam na m\u00f3na i mbl\u00e1th]<\/p><\/div>\n<p>Is d\u00edol suntais \u00e9 go maireann mianra\u00ed f\u00f3s ag an su\u00edomh seo, ar an taobh thiar, agus go mbeatha\u00edonn siad an crios eascaigh. Is idirchrios ar imeall portaigh \u00e9 an crios eascaigh, idir an mh\u00f3in ardphortaigh agus na hithreacha mianracha m\u00e1guaird. Is minic a bh\u00edonn na coinn\u00edollacha difri\u00fail anseo mar gur measc\u00e1n d\u2019uisce a thagann \u00f3n bportach chomh maith le huisce saibhir i mianra\u00ed \u00f3n taobh amuigh a bh\u00edonn san uisce sa chrios eascaigh. Is gn\u00e9ithe neamhchoitianta iad criosanna eascaigh anois, mar gheall ar bhaint mh\u00f3na agus gn\u00edomha\u00edochta\u00ed eile \u00fas\u00e1ide tal\u00fan a bhain n\u00f3 a d&#8217;athraigh go m\u00f3r iad i bhformh\u00f3r na gc\u00e1sanna.<\/p>\n<p>T\u00e1 an portach ard timpeallaithe ag portach r\u00e9itithe. T\u00e1 portach r\u00e9itithe timpeall ar an ardphortach. T\u00e1 str\u00e1ic\u00ed c\u00fanga de choillearnach bheith chl\u00famhach <em>(Betula pubescens)<\/em> ag forbairt i roinnt codanna den seantalamh r\u00e9itithe. T\u00e1 a l\u00e1n den chuid eile den talamh r\u00e9itithe anois ina bhf\u00e9arthailte fliucha, lena l\u00e1n luachra <em>(Juncus spp.)<\/em> agus Fionn\u00e1n <em>(Molinia caerulea)<\/em>. Is f\u00e9idir Caorthann corraigh <em>(Valeriana officinalis)<\/em>, Airgead luachra <em>(Filipendula ulmaria)<\/em> agus C\u00edb rua <em>(Carex disticha)<\/em> a fh\u00e1il freisin i bp\u00e1irceanna ar imill an phortaigh.<\/p>\n<p>In 1959, athphlanda\u00edodh planda an-neamhchoitianta, Luachair an phollaigh <em>(Scheuchzeria palustris)<\/em>, nach bhfuarthas ach in \u00e1it amh\u00e1in eile in \u00c9irinn i bportach in aice l\u00e1imhe, go Portach an R\u00e1ith\u00edn Mh\u00f3ir. N\u00edor taifeadadh \u00e9 le d\u00e9ana\u00ed, \u00e1fach, agus d&#8217;fh\u00e9adfadh s\u00e9 a bheith imithe in \u00e9ag anois.<\/p>\n<h2><strong id=\"fauna\">F\u00e1na an R\u00e1ith\u00edn Mh\u00f3ir<\/strong><\/h2>\n<p>Bh\u00ed Portach an R\u00e1ith\u00edn Mh\u00f3ir laistigh de chr\u00edoch ph\u00f3r\u00fach\u00e1in ph\u00e9ire Meirli\u00fan, speiceas gann in \u00c9irinn agus ceann at\u00e1 liostaithe ar Iarscr\u00edbhinn I de Threoir an EU maidir le h\u00c9in. N\u00edor tuairisc\u00edodh aon radharcanna \u00f3 2012 ar aghaidh.<\/p>\n<p>I measc na bpr\u00edomhspeiceas a sh\u00edolra\u00edonn ar an l\u00e1thair t\u00e1 Pias\u00fan <em>(Phasianus colchicus)<\/em>, Cearc fhraoigh <em>(Lagopus lagopus hibernicus)<\/em>, Naoscach <em>(Gallinago gallinago)<\/em>, Pilib\u00edn <em>(Vanellus vanellus)<\/em>, Crotach <em>(Numenius arquata)<\/em>, Creabhar <em>(Scolopax rusticola)<\/em>, Fuiseog <em>(Alauda arvensis)<\/em> agus Riabh\u00f3g mh\u00f3na <em>(Anthus pratensis)<\/em>.<\/p>\n<div id=\"attachment_900\" style=\"width: 1034px\" class=\"wp-caption alignnone\"><a href=\"https:\/\/www.raisedbogs.ie\/wp-content\/uploads\/2017\/02\/Red-Grouse-in-heather-2-HRTIFF.jpg\"><img loading=\"lazy\" decoding=\"async\" aria-describedby=\"caption-attachment-900\" class=\"size-large wp-image-900\" src=\"https:\/\/www.raisedbogs.ie\/wp-content\/uploads\/2017\/02\/Red-Grouse-in-heather-2-HRTIFF-1024x668.jpg\" alt=\"\" width=\"1024\" height=\"668\" srcset=\"https:\/\/www.raisedbogs.ie\/wp-content\/uploads\/2017\/02\/Red-Grouse-in-heather-2-HRTIFF-1024x668.jpg 1024w, https:\/\/www.raisedbogs.ie\/wp-content\/uploads\/2017\/02\/Red-Grouse-in-heather-2-HRTIFF-300x196.jpg 300w, https:\/\/www.raisedbogs.ie\/wp-content\/uploads\/2017\/02\/Red-Grouse-in-heather-2-HRTIFF-768x501.jpg 768w\" sizes=\"auto, (max-width: 1024px) 100vw, 1024px\" \/><\/a><p id=\"caption-attachment-900\" class=\"wp-caption-text\">Cearc fhraoigh fh\u00e1sta fhireann (Lagopus lagopus scotica) i bhfraoch<\/p><\/div>\n<p>Meastar go bhfuil an Chearc fhraoigh \u00e9ags\u00fail \u00f3 speicis na Breataine agus n\u00edl an oiread c\u00e9anna in \u00c9irinn le tamall anuas. Itheann na h\u00e9in fhaiteacha seo p\u00e9ac\u00e1in fraoigh agus n\u00ed f\u00e9idir leo maireacht\u00e1il ach ar shu\u00edomhanna n\u00edos m\u00f3, \u00f3 tharla go dtagann laghd\u00fa ar sh\u00edolr\u00fa de r\u00e9ir mar a laghda\u00edonn m\u00e9id na cr\u00edche. Teasta\u00edonn ceantair fhliucha uathu ar ardphortaigh mar go mb\u00edonn aiste bia ina bhfuil feithid\u00ed lena l\u00e1n pr\u00f3it\u00e9in ag teast\u00e1il ar shic\u00edn\u00ed fraoigh sa ch\u00e9ad ch\u00fapla seachtain den saol. M\u00e1 dh\u00e9antar draen\u00e1il, laghd\u00f3fa\u00ed gn\u00e1th\u00f3ga larbhacha na bhfeithid\u00ed seo. Is speiceas at\u00e1 i mbaol anois \u00e9 an Chearc Fhraoigh.<\/p>\n<p>\u00c9in eile a bh\u00edonn ar an su\u00edomh go minic is ea an Spior\u00f3g <em>(Accipiter nisus)<\/em>, Pocaire Gaoithe <em>(Falco tinnunculus)<\/em>, Corr R\u00e9isc <em>(Ardea cinerea)<\/em>, Praslacha <em>(Anas crecca)<\/em> agus Mallard <em>(Anas platyrhynchos)<\/em>.<\/p>\n<p>B\u00edonn an Frog Coiteann <em>(Rana temporaria)<\/em> ar an l\u00e1thair. T\u00e1 s\u00e9 seo ar liosta na speiceas a bhfuil T\u00e1bhacht Idirn\u00e1isi\u00fanta leo i Leabhar Sonra\u00ed Dearga na h\u00c9ireann.<\/p>\n<div id=\"attachment_902\" style=\"width: 1034px\" class=\"wp-caption alignnone\"><a href=\"https:\/\/www.raisedbogs.ie\/wp-content\/uploads\/2017\/02\/5x7-DSC_7322.jpg\"><img loading=\"lazy\" decoding=\"async\" aria-describedby=\"caption-attachment-902\" class=\"size-large wp-image-902\" src=\"https:\/\/www.raisedbogs.ie\/wp-content\/uploads\/2017\/02\/5x7-DSC_7322-1024x731.jpg\" alt=\"\" width=\"1024\" height=\"731\" srcset=\"https:\/\/www.raisedbogs.ie\/wp-content\/uploads\/2017\/02\/5x7-DSC_7322-1024x731.jpg 1024w, https:\/\/www.raisedbogs.ie\/wp-content\/uploads\/2017\/02\/5x7-DSC_7322-300x214.jpg 300w, https:\/\/www.raisedbogs.ie\/wp-content\/uploads\/2017\/02\/5x7-DSC_7322-768x549.jpg 768w, https:\/\/www.raisedbogs.ie\/wp-content\/uploads\/2017\/02\/5x7-DSC_7322.jpg 1260w\" sizes=\"auto, (max-width: 1024px) 100vw, 1024px\" \/><\/a><p id=\"caption-attachment-902\" class=\"wp-caption-text\">Bhuel, a chairde! Craic ar bith? &#8211; Froganna ag fanacht le ceann baineann a theacht<\/p><\/div>\n<p>B\u00edonn an Laghairt Choiteann <em>(Lacerta vivipara)<\/em> anseo freisin.<\/p>\n<p>I measc na bpr\u00edomhspeiceas mamach a taifeadadh t\u00e1 Giorria sl\u00e9ibhe \u00c9ireannach <em>(Lepus timidus hibernicus)<\/em>, Broc <em>(Meles meles)<\/em> agus Sionnach <em>(vulpes vulpes)<\/em>.<\/p>\n<p>P\u00f3r de chuid Ghiorria an Artaigh is ea an Giorria sl\u00e9ibhe \u00c9ireannach agus t\u00e1 s\u00e9 \u00e9ags\u00fail go leor \u00f3n nGiorria Gallda <em>(Lepus europaeus)<\/em>, ainmh\u00ed nach bhfuil n\u00e1d\u00fartha in \u00c9irinn. T\u00e1 an d\u00e1 speiceas seo liostaithe mar speicis a bhfuil Th\u00e1bhacht Idirn\u00e1isi\u00fanta leo i Leabhar Sonra\u00ed Dearga na h\u00c9ireann.<\/p>\n<p>Thug Myles Nolan faoi thaighde ar ardphortaigh na h\u00c9ireann idir 2006 agus 2015 a l\u00e9irigh go raibh r\u00e9imse speiceas damh\u00e1n alla neamhchoitianta agus \u00e9ags\u00fail ann, cuid acu n\u00e1rbh eol iad a bheith in \u00c9irinn, agus a bhformh\u00f3r nach mb\u00edonn in \u00e1it ar bith seachas ar ardphortaigh.<\/p>\n<p>Ba iad na damh\u00e1in alla neamhchoitianta a fuarthas ar an R\u00e1ith\u00edn M\u00f3r:<\/p>\n<ul>\n<li>Hypsosinga Albovittata;<\/li>\n<li>Minicia Marginella;<\/li>\n<li>Satilatlas Britteni;<\/li>\n<li>Simitidion Simile;<\/li>\n<li>Walckenaeria Alticeps<\/li>\n<\/ul>\n<div id=\"envira-gallery-wrap-909\" class=\"envira-gallery-wrap envira-gallery-theme-base envira-lightbox-theme-base\" itemscope itemtype=\"https:\/\/schema.org\/ImageGallery\"><div data-row-height=\"150\" data-gallery-theme=\"normal\" id=\"envira-gallery-909\" class=\"envira-gallery-public envira-gallery-justified-public envira-gallery-0-columns envira-clear enviratope envira-gallery-css-animations\" data-envira-columns=\"0\"><div id=\"envira-gallery-item-881\" class=\"envira-gallery-item enviratope-item envira-gallery-item-1\" style=\"padding-left: 5px; padding-bottom: 10px; padding-right: 5px;\"  itemscope itemtype=\"https:\/\/schema.org\/ImageObject\"><div class=\"envira-gallery-item-inner\"><div class=\"envira-gallery-position-overlay  envira-gallery-top-left\"><\/div><div class=\"envira-gallery-position-overlay  envira-gallery-top-right\"><\/div><div class=\"envira-gallery-position-overlay  envira-gallery-bottom-left\"><\/div><div class=\"envira-gallery-position-overlay  envira-gallery-bottom-right\"><\/div><a href=\"https:\/\/www.raisedbogs.ie\/wp-content\/uploads\/2017\/02\/Walckenaeria_alticeps_han_2283.jpg\" class=\"envira-gallery-909 envira-gallery-link\" rel=\"enviragallery909\" title=\"Walckenaeria Alticeps\" data-envira-caption=\"Walckenaeria Alticeps\" data-envira-retina=\"\" data-thumbnail=\"\"  itemprop=\"contentUrl\"><img decoding=\"async\" id=\"envira-gallery-image-881\" class=\"envira-gallery-image envira-gallery-image-1 envira-normal envira-lazy\" data-envira-index=\"1\" src=\"https:\/\/www.raisedbogs.ie\/wp-content\/uploads\/2017\/02\/Walckenaeria_alticeps_han_2283-1024x682-640x480.jpg\" data-envira-src=\"https:\/\/www.raisedbogs.ie\/wp-content\/uploads\/2017\/02\/Walckenaeria_alticeps_han_2283-1024x682-640x480.jpg\" data-envira-gallery-id=\"909\" data-envira-item-id=\"881\" data-envira-caption=\"Walckenaeria Alticeps\" alt=\"\" title=\"Walckenaeria Alticeps\"  itemprop=\"thumbnailUrl\" data-envira-srcset=\"https:\/\/www.raisedbogs.ie\/wp-content\/uploads\/2017\/02\/Walckenaeria_alticeps_han_2283-1024x682-640x480.jpg 400w,https:\/\/www.raisedbogs.ie\/wp-content\/uploads\/2017\/02\/Walckenaeria_alticeps_han_2283-1024x682-640x480.jpg 2x\" data-envira-width=\"300\" data-envira-height=\"200\" srcset=\"data:image\/gif;base64,R0lGODlhAQABAIAAAP\/\/\/\/\/\/\/yH5BAEKAAEALAAAAAABAAEAAAICTAEAOw==\" data-safe-src=\"data:image\/gif;base64,R0lGODlhAQABAIAAAP\/\/\/\/\/\/\/yH5BAEKAAEALAAAAAABAAEAAAICTAEAOw==\" \/><\/a><\/div><\/div><div id=\"envira-gallery-item-880\" class=\"envira-gallery-item enviratope-item envira-gallery-item-2\" style=\"padding-left: 5px; padding-bottom: 10px; padding-right: 5px;\"  itemscope itemtype=\"https:\/\/schema.org\/ImageObject\"><div class=\"envira-gallery-item-inner\"><div class=\"envira-gallery-position-overlay  envira-gallery-top-left\"><\/div><div class=\"envira-gallery-position-overlay  envira-gallery-top-right\"><\/div><div class=\"envira-gallery-position-overlay  envira-gallery-bottom-left\"><\/div><div class=\"envira-gallery-position-overlay  envira-gallery-bottom-right\"><\/div><a href=\"https:\/\/www.raisedbogs.ie\/wp-content\/uploads\/2017\/02\/Simitidion_simile_8_1024.jpg\" class=\"envira-gallery-909 envira-gallery-link\" rel=\"enviragallery909\" title=\"Simitidion Simile\" data-envira-caption=\"Simitidion Simile\" data-envira-retina=\"\" data-thumbnail=\"\"  itemprop=\"contentUrl\"><img decoding=\"async\" id=\"envira-gallery-image-880\" class=\"envira-gallery-image envira-gallery-image-2 envira-normal envira-lazy\" data-envira-index=\"2\" src=\"https:\/\/www.raisedbogs.ie\/wp-content\/uploads\/2017\/02\/Simitidion_simile_8_1024-640x480.jpg\" data-envira-src=\"https:\/\/www.raisedbogs.ie\/wp-content\/uploads\/2017\/02\/Simitidion_simile_8_1024-640x480.jpg\" data-envira-gallery-id=\"909\" data-envira-item-id=\"880\" data-envira-caption=\"Simitidion Simile\" alt=\"\" title=\"Simitidion Simile\"  itemprop=\"thumbnailUrl\" data-envira-srcset=\"https:\/\/www.raisedbogs.ie\/wp-content\/uploads\/2017\/02\/Simitidion_simile_8_1024-640x480.jpg 400w,https:\/\/www.raisedbogs.ie\/wp-content\/uploads\/2017\/02\/Simitidion_simile_8_1024-640x480.jpg 2x\" data-envira-width=\"300\" data-envira-height=\"253\" srcset=\"data:image\/gif;base64,R0lGODlhAQABAIAAAP\/\/\/\/\/\/\/yH5BAEKAAEALAAAAAABAAEAAAICTAEAOw==\" data-safe-src=\"data:image\/gif;base64,R0lGODlhAQABAIAAAP\/\/\/\/\/\/\/yH5BAEKAAEALAAAAAABAAEAAAICTAEAOw==\" \/><\/a><\/div><\/div><div id=\"envira-gallery-item-879\" class=\"envira-gallery-item enviratope-item envira-gallery-item-3\" style=\"padding-left: 5px; padding-bottom: 10px; padding-right: 5px;\"  itemscope itemtype=\"https:\/\/schema.org\/ImageObject\"><div class=\"envira-gallery-item-inner\"><div class=\"envira-gallery-position-overlay  envira-gallery-top-left\"><\/div><div class=\"envira-gallery-position-overlay  envira-gallery-top-right\"><\/div><div class=\"envira-gallery-position-overlay  envira-gallery-bottom-left\"><\/div><div class=\"envira-gallery-position-overlay  envira-gallery-bottom-right\"><\/div><a href=\"https:\/\/www.raisedbogs.ie\/wp-content\/uploads\/2017\/02\/Minicia_marginella.jpg\" class=\"envira-gallery-909 envira-gallery-link\" rel=\"enviragallery909\" title=\"Minicia Marginella\" data-envira-caption=\"Minicia Marginella\" data-envira-retina=\"\" data-thumbnail=\"\"  itemprop=\"contentUrl\"><img decoding=\"async\" id=\"envira-gallery-image-879\" class=\"envira-gallery-image envira-gallery-image-3 envira-normal envira-lazy\" data-envira-index=\"3\" src=\"https:\/\/www.raisedbogs.ie\/wp-content\/uploads\/2017\/02\/Minicia_marginella-640x480.jpg\" data-envira-src=\"https:\/\/www.raisedbogs.ie\/wp-content\/uploads\/2017\/02\/Minicia_marginella-640x480.jpg\" data-envira-gallery-id=\"909\" data-envira-item-id=\"879\" data-envira-caption=\"Minicia Marginella\" alt=\"\" title=\"Minicia Marginella\"  itemprop=\"thumbnailUrl\" data-envira-srcset=\"https:\/\/www.raisedbogs.ie\/wp-content\/uploads\/2017\/02\/Minicia_marginella-640x480.jpg 400w,https:\/\/www.raisedbogs.ie\/wp-content\/uploads\/2017\/02\/Minicia_marginella-640x480.jpg 2x\" data-envira-width=\"300\" data-envira-height=\"200\" srcset=\"data:image\/gif;base64,R0lGODlhAQABAIAAAP\/\/\/\/\/\/\/yH5BAEKAAEALAAAAAABAAEAAAICTAEAOw==\" data-safe-src=\"data:image\/gif;base64,R0lGODlhAQABAIAAAP\/\/\/\/\/\/\/yH5BAEKAAEALAAAAAABAAEAAAICTAEAOw==\" \/><\/a><\/div><\/div><div id=\"envira-gallery-item-878\" class=\"envira-gallery-item enviratope-item envira-gallery-item-4\" style=\"padding-left: 5px; padding-bottom: 10px; padding-right: 5px;\"  itemscope itemtype=\"https:\/\/schema.org\/ImageObject\"><div class=\"envira-gallery-item-inner\"><div class=\"envira-gallery-position-overlay  envira-gallery-top-left\"><\/div><div class=\"envira-gallery-position-overlay  envira-gallery-top-right\"><\/div><div class=\"envira-gallery-position-overlay  envira-gallery-bottom-left\"><\/div><div class=\"envira-gallery-position-overlay  envira-gallery-bottom-right\"><\/div><a href=\"https:\/\/www.raisedbogs.ie\/wp-content\/uploads\/2017\/02\/hypsosingaalbovittata02.jpg\" class=\"envira-gallery-909 envira-gallery-link\" rel=\"enviragallery909\" title=\"hypsosinga Albovittata\" data-envira-caption=\"hypsosinga Albovittata\" data-envira-retina=\"\" data-thumbnail=\"\"  itemprop=\"contentUrl\"><img decoding=\"async\" id=\"envira-gallery-image-878\" class=\"envira-gallery-image envira-gallery-image-4 envira-normal envira-lazy\" data-envira-index=\"4\" src=\"https:\/\/www.raisedbogs.ie\/wp-content\/uploads\/2017\/02\/hypsosingaalbovittata02-640x480.jpg\" data-envira-src=\"https:\/\/www.raisedbogs.ie\/wp-content\/uploads\/2017\/02\/hypsosingaalbovittata02-640x480.jpg\" data-envira-gallery-id=\"909\" data-envira-item-id=\"878\" data-envira-caption=\"hypsosinga Albovittata\" alt=\"\" title=\"hypsosinga Albovittata\"  itemprop=\"thumbnailUrl\" data-envira-srcset=\"https:\/\/www.raisedbogs.ie\/wp-content\/uploads\/2017\/02\/hypsosingaalbovittata02-640x480.jpg 400w,https:\/\/www.raisedbogs.ie\/wp-content\/uploads\/2017\/02\/hypsosingaalbovittata02-640x480.jpg 2x\" data-envira-width=\"300\" data-envira-height=\"225\" srcset=\"data:image\/gif;base64,R0lGODlhAQABAIAAAP\/\/\/\/\/\/\/yH5BAEKAAEALAAAAAABAAEAAAICTAEAOw==\" data-safe-src=\"data:image\/gif;base64,R0lGODlhAQABAIAAAP\/\/\/\/\/\/\/yH5BAEKAAEALAAAAAABAAEAAAICTAEAOw==\" \/><\/a><\/div><\/div><\/div><\/div><noscript><img decoding=\"async\" src=\"https:\/\/www.raisedbogs.ie\/wp-content\/uploads\/2017\/02\/Walckenaeria_alticeps_han_2283.jpg\" alt=\"\" \/><img decoding=\"async\" src=\"https:\/\/www.raisedbogs.ie\/wp-content\/uploads\/2017\/02\/Simitidion_simile_8_1024.jpg\" alt=\"\" \/><img decoding=\"async\" src=\"https:\/\/www.raisedbogs.ie\/wp-content\/uploads\/2017\/02\/Minicia_marginella.jpg\" alt=\"\" \/><img decoding=\"async\" src=\"https:\/\/www.raisedbogs.ie\/wp-content\/uploads\/2017\/02\/hypsosingaalbovittata02.jpg\" alt=\"\" \/><\/noscript>\n<h2><strong id=\"flora\">Fl\u00f3ra an R\u00e1ith\u00edn Mh\u00f3ir<\/strong><\/h2>\n<p>T\u00e1 tr\u00ed \u00e9iceat\u00f3ip agus eascach iarmharach ag gn\u00e1th\u00f3g tosa\u00edochta (ardphortach gn\u00edomhach) an R\u00e1ith\u00edn Mh\u00f3ir. Seo a leanas sonra\u00ed na gceantar seo:<\/p>\n<p><strong>\u00c9iceat\u00f3ip l\u00e1rnach<\/strong><br \/>\nT\u00e1 c\u00f3ras tul\u00f3g\/log aige seo ina bhfuil go leor linnte. Is \u00e9 an coimpl\u00e9asc portaigh is fliche agus is l\u00fa ar a gcuirtear isteach \u00e9, agus t\u00e1 s\u00e9 suite i limist\u00e9ar an-l\u00e1rnach sa phortach. Go hiond\u00fail, b\u00edonn cl\u00fadach br\u00edfite ard, agus cl\u00fadach \u00ed mion-toir agus luibhe \u00edseal. Is anseo at\u00e1 na faich\u00ed <em>Sfagnaim magellanicum<\/em> is fliche, agus is l\u00e9ir \u00e9 sin de bhr\u00ed go bhfuil <em>S. cuspidatum<\/em> agus aelus <em>Cladopodiella fluitans<\/em> ann. Is f\u00e9idir b\u00e1chr\u00e1n <em>(Menyanthes trifoliata)<\/em> agus Cail\u00eds Mhuire mh\u00f3r a fheice\u00e1il freisin. In \u00e1iteanna, t\u00e1 leaganacha n\u00edos tirime de na faich\u00ed seo ina bhfuil n\u00edos m\u00f3 <em>Sfagnam capillifolium<\/em>, Fraoch m\u00f3r agus Ceannbh\u00e1n gaelach <em>(Eriophorum vaginatum)<\/em>. Nuair nach dtrioma\u00edtear \u00e9 ach ar feadh tr\u00e9imhs\u00ed an-ghearr, crutha\u00edtear linnte buana agus loig fhliucha. Anseo, t\u00e1 cl\u00fadach ard de <em>Sfagnam cuspidatum<\/em> agus <em>Cladopodiella fluitans<\/em> ina bhfuil Ceannbh\u00e1n <em>(Eriophorum angustifolium)<\/em>. T\u00e1 cumainn de thul\u00f3ga ina bhfuil <em>Sfagnam capillifolium<\/em> n\u00f3 <em>S. imbricatum<\/em> (r\u00e9as\u00fanta beag) laistigh den ch\u00f3ras seo.<\/p>\n<div id=\"attachment_899\" style=\"width: 778px\" class=\"wp-caption aligncenter\"><a href=\"https:\/\/www.raisedbogs.ie\/wp-content\/uploads\/2017\/02\/Bog-Rosemary-growing-on-Sphagnum-magellanicum-with-sundew-on-hb.jpg\"><img loading=\"lazy\" decoding=\"async\" aria-describedby=\"caption-attachment-899\" class=\"size-large wp-image-899\" src=\"https:\/\/www.raisedbogs.ie\/wp-content\/uploads\/2017\/02\/Bog-Rosemary-growing-on-Sphagnum-magellanicum-with-sundew-on-hb-768x1024.jpg\" alt=\"\" width=\"768\" height=\"1024\" srcset=\"https:\/\/www.raisedbogs.ie\/wp-content\/uploads\/2017\/02\/Bog-Rosemary-growing-on-Sphagnum-magellanicum-with-sundew-on-hb-768x1024.jpg 768w, https:\/\/www.raisedbogs.ie\/wp-content\/uploads\/2017\/02\/Bog-Rosemary-growing-on-Sphagnum-magellanicum-with-sundew-on-hb-225x300.jpg 225w, https:\/\/www.raisedbogs.ie\/wp-content\/uploads\/2017\/02\/Bog-Rosemary-growing-on-Sphagnum-magellanicum-with-sundew-on-hb.jpg 960w\" sizes=\"auto, (max-width: 768px) 100vw, 768px\" \/><\/a><p id=\"caption-attachment-899\" class=\"wp-caption-text\">Lus na m\u00f3inte ag f\u00e1s ar Sfagnam Magellanicum ina bhfuil Dr\u00facht\u00edn ar an bportach ard ar an R\u00e1ith\u00edn M\u00f3r.<\/p><\/div>\n<p>I gceantair n\u00edos tirime, b\u00edonn roinnt tul\u00f3ga m\u00f3ra caonaigh <em>Leucobryum glaucum<\/em> ann. Is f\u00e9idir loig fhada thaise a fheice\u00e1il freisin, ina bhfuil Sciollam na m\u00f3na. Timpeall ar chro\u00edl\u00e1r an phortaigh t\u00e1 limist\u00e9ar cos\u00fail leis \u00f3 thaobh m\u00e9ide de ach ina bhfuil linnte n\u00edos scaipthe. Anseo is f\u00e9idir go bhfuil na linnte ag l\u00edonadh de r\u00e9ir mar a dhraen\u00e1iltear an portach \u00f3 na himill. T\u00e1 <em>Sfagnam magellanicum<\/em> coitianta anseo.<\/p>\n<p><strong>\u00c9iceat\u00f3ip fo-l\u00e1rnach<\/strong><br \/>\nT\u00e1 s\u00e9 seo soir \u00f3 dheas agus soir \u00f3n \u00e9iceat\u00f3ip l\u00e1rnach. T\u00e1 formh\u00f3r na coda thoir den \u00e9iceat\u00f3ip seo draen\u00e1ilte. Uaireanta b\u00edonn an f\u00e1sra anseo cos\u00fail le fraoch. Is speicis a bh\u00edonn ar mh\u00f3in lom e.g. Ceannbh\u00e1n agus <em>Campylopus introflexus<\/em> a bh\u00edonn anseo. B\u00edonn tul\u00f3ga ina mb\u00edonn <em>Sfagnam capillifolium<\/em> ann freisin.<\/p>\n<p>I gceantair nach bhfuil aon draen\u00e1il ann, faightear f\u00e1sra fraoigh agus speicis a bh\u00edonn ar mh\u00f3in lom. Is comhartha iad na speicis a fheictear gur d\u00f3dh an \u00e1it roimhe seo (m.sh. <em>Campylopus paradoxus<\/em> agus <em>Zygnemales<\/em>). T\u00e1 linnte buana ann ag a bhfuil treoshu\u00edomh l\u00edneach cinnte, loig fhliucha, faich\u00ed <em>Sfagnam magellanicum<\/em> agus loig thaise fhada ina mb\u00edonn Sciollam na m\u00f3na, freisin.<\/p>\n<p><strong>\u00c9iceat\u00f3ip imeallach<\/strong> (lena n-\u00e1ir\u00edtear limist\u00e9ir fho-imeallacha agus bruacha \u00e9adain)<br \/>\nIs f\u00e9idir an t-\u00e9iceat\u00f3ip seo a fhoroinnt ina gcoimpl\u00e9isc fho-imeallacha, imeallacha agus bruacha \u00e9adain. Ag imill an ardphortaigh t\u00e1 f\u00e1sra fo-imeallach. T\u00e1 an chuid is m\u00f3 de seo faoi smacht ag log taise Sciollam na m\u00f3na ina bhfuil cl\u00fadach tor r\u00e9as\u00fanta ard (c. 28%). Is gn\u00e1ch gur gn\u00e9ithe fada iad seo, mar gurb iad seo na h\u00e1iteanna is t\u00e1bhachta\u00ed le haghaidh uisce dromchla a ritheann chun srutha. T\u00e1 tul\u00f3ga gobsheisce coitianta freisin le cl\u00fadach \u00edseal br\u00edf\u00edte agus Sfagnaim, cl\u00fadach ard algach, agus go minic Ceannbh\u00e1n agus Sciollam na m\u00f3na. Ar an gcuid theas den \u00e9iceat\u00f3ip seo, t\u00e1 Fraoch M\u00f3r coitianta. Timpeall ar imill an phortaigh go l\u00e9ir beagnach (ach amh\u00e1in an oirthuaiscirt), \u00e9ir\u00edonn an f\u00e1sra n\u00edos imealla\u00ed. Is minic a bh\u00edonn a l\u00e1n C\u00edb cheanngheal i gceantair an-tirim, i measc na gcoimpl\u00e9asc ina bhfuil Sciollam na m\u00f3na a luadh thuas. Is gn\u00e1ch m\u00e1 bh\u00edonn go leor c\u00edb cheanngheal ann go l\u00e9ir\u00edonn sin gur cuireadh isteach ar an \u00e1it san am at\u00e1 thart, mar shampla gur tosa\u00edodh ar dhraen\u00e1il n\u00f3 go raibh tine ann. B\u00edonn Fraoch M\u00f3r le luachanna arda cl\u00fadaigh sna ceantair imeallacha seo freisin.<\/p>\n<div id=\"attachment_903\" style=\"width: 1034px\" class=\"wp-caption alignnone\"><a href=\"https:\/\/www.raisedbogs.ie\/wp-content\/uploads\/2017\/02\/Bog-Asphodel-CaOC-1.jpg\"><img loading=\"lazy\" decoding=\"async\" aria-describedby=\"caption-attachment-903\" class=\"size-large wp-image-903\" src=\"https:\/\/www.raisedbogs.ie\/wp-content\/uploads\/2017\/02\/Bog-Asphodel-CaOC-1-1024x768.jpg\" alt=\"\" width=\"1024\" height=\"768\" srcset=\"https:\/\/www.raisedbogs.ie\/wp-content\/uploads\/2017\/02\/Bog-Asphodel-CaOC-1-1024x768.jpg 1024w, https:\/\/www.raisedbogs.ie\/wp-content\/uploads\/2017\/02\/Bog-Asphodel-CaOC-1-300x225.jpg 300w, https:\/\/www.raisedbogs.ie\/wp-content\/uploads\/2017\/02\/Bog-Asphodel-CaOC-1-768x576.jpg 768w, https:\/\/www.raisedbogs.ie\/wp-content\/uploads\/2017\/02\/Bog-Asphodel-CaOC-1.jpg 2048w\" sizes=\"auto, (max-width: 1024px) 100vw, 1024px\" \/><\/a><p id=\"caption-attachment-903\" class=\"wp-caption-text\">Sciollam na m\u00f3na<\/p><\/div>\n<p>Cuims\u00edonn an t-\u00e9iceat\u00f3ip seo na bruacha \u00e9adain a bhaineann le gearradh m\u00f3na roimhe seo ag teorainn an ardphortaigh. Anseo, is \u00e9 Fraoch M\u00f3r an speiceas is coitianta, ina gcl\u00fada\u00edtear suas le 100% in \u00e1iteanna. T\u00e1 an mion-tor agus br\u00edf\u00edt ard (ach is beag <em>Sfagnam spp<\/em>. a bh\u00edonn ann). Faightear Sciollam na M\u00f3na, C\u00edb cheanngheal, tul\u00f3ga Gobsheisce, fraoch, m\u00f3in lom agus cumainn a mhair i ndiaidh d\u00f3ite\u00e1in ag na bruacha \u00e9adain freisin.<\/p>\n<p><strong>Eascach<\/strong><br \/>\nIs t\u00e9arma Sualainnise \u00e9 Lagg a \u00fas\u00e1idtear chun cur s\u00edos a dh\u00e9anamh ar an gcrios m\u00f3rthimpeall ar ardphortach, \u00e1it a meascann uisce tal\u00fan agus frasa\u00edocht, ionas gur f\u00e9idir tac\u00fa le f\u00e1sra de chine\u00e1l eanaigh. N\u00edl aon limist\u00e9ir shl\u00e1na ann in \u00c9irinn inniu, mar gheall ar ghn\u00edomha\u00edocht an duine (gearradh agus draen\u00e1il). T\u00e1 ceantair iar-eanaigh aitheanta ag an R\u00e1ith\u00edn M\u00f3r, in iarthuaisceart agus i ndeisceart an tsu\u00edmh.<\/p>\n<p>L\u00e9ir\u00edonn na speicis seo a leanas a taifeadadh (Kelly, 1993) tionchar screamhuisce ar phortach: R\u00edsheisc <em>(Sparganium erectum)<\/em>, Cabh\u00e1n abhann <em>(Nuphar lutea)<\/em>, C\u00edb dhosach chaol <em>(Carex acuta)<\/em>, Lus s\u00edoda <em>(Lychnis flos-cuculi)<\/em>, Scuab eich uisce (Equisetum fluviatile), Buachal\u00e1n Corraigh <em>(Senecio aquaticus)<\/em> agus C\u00edb rua <em>(Carex disticha)<\/em>. L\u00e9ir\u00edonn Barr an Mhilltigh <em>(Triglochin palustris)<\/em>, Fiastalach <em>(Juncus acutiflorus)<\/em> agus Biolar mion <em>(Nasturtium microphyllum)<\/em> coinn\u00edollacha eascaigh freisin.<\/p>\n<div id=\"attachment_904\" style=\"width: 490px\" class=\"wp-caption aligncenter\"><a href=\"https:\/\/www.raisedbogs.ie\/wp-content\/uploads\/2017\/02\/carex-disticha-brown-sedge.jpg\"><img loading=\"lazy\" decoding=\"async\" aria-describedby=\"caption-attachment-904\" class=\"size-full wp-image-904\" src=\"https:\/\/www.raisedbogs.ie\/wp-content\/uploads\/2017\/02\/carex-disticha-brown-sedge.jpg\" alt=\"\" width=\"480\" height=\"640\" srcset=\"https:\/\/www.raisedbogs.ie\/wp-content\/uploads\/2017\/02\/carex-disticha-brown-sedge.jpg 480w, https:\/\/www.raisedbogs.ie\/wp-content\/uploads\/2017\/02\/carex-disticha-brown-sedge-225x300.jpg 225w\" sizes=\"auto, (max-width: 480px) 100vw, 480px\" \/><\/a><p id=\"caption-attachment-904\" class=\"wp-caption-text\">C\u00edb Rua (Carex disticha) san Eascach ag an R\u00e1ith\u00edn M\u00f3r<\/p><\/div>\n<p>Is f\u00e9idir cur s\u00edos a dh\u00e9anamh anois ar na gn\u00e1th\u00f3ga ar Phortach an R\u00e1ith\u00edn Mh\u00f3ir, laistigh den eascach tr\u00e9igthe seo, mar fh\u00e9arthailte fliucha \u00edsealchr\u00edocha n\u00f3 mar phortach r\u00e9itithe. D&#8217;fh\u00e9adfadh riasc fionnuisce a bheith ann freisin agus aithn\u00edodh limist\u00e9ar amh\u00e1in. N\u00ed bheadh an talamh ar a bhfuil na gn\u00e1th\u00f3ga seo faoi l\u00e1thair ina iarchrios eascaigh, agus is \u00e9 an talamh ag imeall an phortaigh na ceantair eascaigh is d\u00f3ich\u00ed. Sonra\u00edonn Kelly (1993) an crios mar a bh\u00ed ar l\u00e9arsc\u00e1il na n-\u00e9iceat\u00f3ipeacha agus aithn\u00edonn s\u00e9 ceithre limist\u00e9ar a d\u2019fh\u00e9adfaidh a bheith ina iar-limist\u00e9ar eascaigh, a thuairisc\u00edtear th\u00edos:<\/p>\n<p>\u2022 Eascach saibhir (screamhuisce)<br \/>\nLimist\u00e9ar beag fliuch seisce f\u00e9arthailte a d\u2019fhorbair ar an talamh r\u00e9itithe agus a raibh tionchar ag screamhuisce tonnadh an\u00edos air ar imeall thiar an phortaigh.<br \/>\n\u2022 Eascach saibhir (b\u00e1isteach\/mianra\u00ed)<br \/>\nCeantair f\u00e9ir (Fionn\u00e1n, F\u00e9ar an chinn bh\u00e1in (Holcus lanatus)) lena l\u00e1n fraoch fliuch le maoschl\u00e1ir luaineacha agus l\u00e9iri\u00fa \u00e9igin ar mhianr\u00fa a forbra\u00edodh ar cheantair r\u00e9itithe.<br \/>\n\u2022 Eascach saibhir (uisce b\u00e1ist\u00ed\/screamhuisce)<br \/>\nScrobarnach sail\u00ed <em>(Salix sp.)<\/em> agus f\u00e9arthailte arda ina bhfuil a l\u00e1n luibhe suite ar limist\u00e9ir r\u00e9itithe le maoschl\u00e1r ard agus roinnt tionchair screamhuisce.<br \/>\n\u2022 Eascach bocht<br \/>\nLimist\u00e9ir scrobarnaigh, Raithneach mh\u00f3r <em>(Pteridium aquilinum)<\/em> agus f\u00e9arthailte feabhsaithe a forbra\u00edodh ar an iar-eascach ar ithreacha m\u00f3na n\u00f3 mianracha triomaithe.<\/p>\n","protected":false},"excerpt":{"rendered":"<p>Cl\u00fada\u00edonn Ardphortach Gn\u00edomhach os cionn 40% de limist\u00e9ar ardphortaigh, SAC Ardphortach an R\u00e1ith\u00edn Mh\u00f3ir, ach c\u00e9 nach \u00e9 seo an t-aon \u00e1it a bhfuil beocht ar an bportach, is \u00e1it [&hellip;]<\/p>\n","protected":false},"author":9,"featured_media":2548,"comment_status":"open","ping_status":"open","sticky":false,"template":"","format":"standard","meta":{"_acf_changed":false,"_EventAllDay":false,"_EventTimezone":"","_EventStartDate":"","_EventEndDate":"","_EventStartDateUTC":"","_EventEndDateUTC":"","_EventShowMap":false,"_EventShowMapLink":false,"_EventURL":"","_EventCost":"","_EventCostDescription":"","_EventCurrencySymbol":"","_EventCurrencyCode":"","_EventCurrencyPosition":"","_EventDateTimeSeparator":"","_EventTimeRangeSeparator":"","_EventOrganizerID":[],"_EventVenueID":[],"_OrganizerEmail":"","_OrganizerPhone":"","_OrganizerWebsite":"","_VenueAddress":"","_VenueCity":"","_VenueCountry":"","_VenueProvince":"","_VenueState":"","_VenueZip":"","_VenuePhone":"","_VenueURL":"","_VenueStateProvince":"","_VenueLat":"","_VenueLng":"","_VenueShowMap":false,"_VenueShowMapLink":false,"footnotes":""},"categories":[601],"tags":[],"class_list":["post-3046","post","type-post","status-publish","format-standard","has-post-thumbnail","hentry","category-portach-an-raithin-mhoir"],"acf":[],"_links":{"self":[{"href":"https:\/\/www.raisedbogs.ie\/ga\/wp-json\/wp\/v2\/posts\/3046","targetHints":{"allow":["GET"]}}],"collection":[{"href":"https:\/\/www.raisedbogs.ie\/ga\/wp-json\/wp\/v2\/posts"}],"about":[{"href":"https:\/\/www.raisedbogs.ie\/ga\/wp-json\/wp\/v2\/types\/post"}],"author":[{"embeddable":true,"href":"https:\/\/www.raisedbogs.ie\/ga\/wp-json\/wp\/v2\/users\/9"}],"replies":[{"embeddable":true,"href":"https:\/\/www.raisedbogs.ie\/ga\/wp-json\/wp\/v2\/comments?post=3046"}],"version-history":[{"count":0,"href":"https:\/\/www.raisedbogs.ie\/ga\/wp-json\/wp\/v2\/posts\/3046\/revisions"}],"wp:featuredmedia":[{"embeddable":true,"href":"https:\/\/www.raisedbogs.ie\/ga\/wp-json\/wp\/v2\/media\/2548"}],"wp:attachment":[{"href":"https:\/\/www.raisedbogs.ie\/ga\/wp-json\/wp\/v2\/media?parent=3046"}],"wp:term":[{"taxonomy":"category","embeddable":true,"href":"https:\/\/www.raisedbogs.ie\/ga\/wp-json\/wp\/v2\/categories?post=3046"},{"taxonomy":"post_tag","embeddable":true,"href":"https:\/\/www.raisedbogs.ie\/ga\/wp-json\/wp\/v2\/tags?post=3046"}],"curies":[{"name":"wp","href":"https:\/\/api.w.org\/{rel}","templated":true}]}}