{"id":3037,"date":"2017-02-09T16:48:11","date_gmt":"2017-02-09T16:48:11","guid":{"rendered":"https:\/\/www.raisedbogs.ie\/go-haitiuil-agus-i-bpobal-chloirthigh\/"},"modified":"2022-12-20T11:07:17","modified_gmt":"2022-12-20T11:07:17","slug":"go-haitiuil-agus-i-bpobal-chloirthigh","status":"publish","type":"post","link":"https:\/\/www.raisedbogs.ie\/ga\/go-haitiuil-agus-i-bpobal-chloirthigh\/","title":{"rendered":"Go h\u00c1iti\u00fail agus i bPobal Chl\u00f3irthigh"},"content":{"rendered":"<p>Baineann an leathanach seo leis na pobail \u00e1iti\u00fala m\u00f3rthimpeall ar Phortach Chl\u00f3irthigh. Is cuma m\u00e1s gr\u00fapa pobail \u00e1iti\u00fail at\u00e1 i gceist, lucht scoir, scoil n\u00e1isi\u00fanta n\u00f3 me\u00e1nscoil, gr\u00fapa oidhreachta, gr\u00fapa comhshaoil, gr\u00fapa cosanta conl\u00e1ist\u00ed, both\u00e1n na bhfear, n\u00f3 eagra\u00edocht sp\u00f3irt, baineann an chuid seo de shu\u00edomh LIFE leatsa.<\/p>\n<p>T\u00e1 feasach\u00e1in, nuacht, sc\u00e9alta, eolas faoi imeachta\u00ed agus cruinnithe chomh maith le stair \u00e1iti\u00fail \u00f3n gceantar \u00e1 gcur le ch\u00e9ile faoi l\u00e1thair ag an mBainisteoir Feasachta Poibl\u00ed, Ronan Casey. M\u00e1 t\u00e1 aon sc\u00e9alta suimi\u00fala, grianghraif, eolas n\u00f3 aon rud a bhaineann le Cl\u00f3irtheach agus an ceantar m\u00e1guaird agat, seol r\u00edomhphost chuig <a href=\"mailto:ronan.casey@ahg.gov.ie\">Ronan.casey@housing.gov.ie<\/a> n\u00f3 glaoigh air ar <strong>076 1002627<\/strong>.<\/p>\n<p>M\u00e1 t\u00e1 baint agat le gr\u00e9as\u00e1in phobail, n\u00f3 m\u00e1 t\u00e1 nuachtlitir n\u00f3 bileog eolais ba mhaith leat lucht f\u00e9achana n\u00edos leithne a fheice\u00e1il, n\u00e1 b\u00edodh aon leisce ort a chur in i\u00fal do Ronan agus cuirf\u00ed ar an su\u00edomh seo \u00e9.<\/p>\n<p>Cruth\u00f3imid nasc freisin le daoine agus imeachta\u00ed suimi\u00fala i gContae U\u00edbh Fhail\u00ed agus i ngach ceantar eile m\u00f3rthimpeall ar an bportach ardaithe seo.<\/p>\n<h2><strong>F\u00e9ilire Imeachta\u00ed<\/strong><\/h2>\n<p>T\u00e1 f\u00e9ilire imeachta\u00ed ar an bpr\u00edomhleathanach agus ar shu\u00edomhanna s\u00f3isialta (\u00e1r leathanach <a href=\"https:\/\/www.facebook.com\/LIFEraisedbogs\">Facebook<\/a> san \u00e1ireamh) oscailte don phobal agus feiceann lucht f\u00e9achana ollmh\u00f3r \u00e9 go laeth\u00fail, mar sin cuir in i\u00fal d\u00fainn m\u00e1s mian leat a bheith air!<\/p>\n<p>&nbsp;<\/p>\n<div id=\"attachment_975\" style=\"width: 976px\" class=\"wp-caption alignnone\"><img loading=\"lazy\" decoding=\"async\" aria-describedby=\"caption-attachment-975\" class=\"size-full wp-image-975\" src=\"https:\/\/www.raisedbogs.ie\/wp-content\/uploads\/2017\/02\/clara-community.png\" alt=\"\" width=\"966\" height=\"661\" srcset=\"https:\/\/www.raisedbogs.ie\/wp-content\/uploads\/2017\/02\/clara-community.png 966w, https:\/\/www.raisedbogs.ie\/wp-content\/uploads\/2017\/02\/clara-community-300x205.png 300w, https:\/\/www.raisedbogs.ie\/wp-content\/uploads\/2017\/02\/clara-community-768x526.png 768w\" sizes=\"auto, (max-width: 966px) 100vw, 966px\" \/><p id=\"caption-attachment-975\" class=\"wp-caption-text\">Taobh amuigh d&#8217;Ionad Acmhainn\u00ed Pobail agus Teaghlaigh Chl\u00f3irthigh<\/p><\/div>\n<h2><strong>IONAD POBAIL AGUS ACMHAINN\u00cd TEAGHLAIGH CHL\u00d3IRTHIGH<\/strong><\/h2>\n<p>Buna\u00edodh an tIonad sa bhliain 2003 agus is \u00ed an Ghn\u00edomhaireacht Taca\u00edochta Teaghlaigh faoin Roinn Leana\u00ed agus Gn\u00f3tha\u00ed \u00d3ige a mhaoin\u00edonn \u00e9. Cuirtear seirbh\u00eds taca\u00edochta teaghlaigh ar f\u00e1il tr\u00ed \u00e9iteas Fhorbairt Phobail. Is \u00e9 an tIonad cro\u00edl\u00e1r an phobail agus oibr\u00edonn s\u00e9 chun cur le cumas an phobail \u00e1iti\u00fail p\u00e1irt a ghlacadh sa tsocha\u00ed agus feabhas a chur ar chaighde\u00e1n saoil daoine tr\u00ed fheasacht \u00e1iti\u00fail a chur chun cinn, faisn\u00e9is a shol\u00e1thar, tionscnaimh phobail a fhorbairt agus taca\u00edocht a thairiscint. Oibr\u00edonn an tIonad ar Phlean Oibre 3 bliana, a forbra\u00edodh i gcomhairle leis an Earn\u00e1il Phobail, Dheonach &amp; Reacht\u00fail.<\/p>\n<p>T\u00e1 Ionad Acmhainn\u00ed Teaghlaigh Chl\u00f3irthigh ann chun beartais, gn\u00edomha\u00edochta\u00ed agus seirbh\u00eds\u00ed a \u00e9asc\u00fa, a spreagadh agus a chur chun cinn. D\u00edr\u00edtear ar fheabhas a chur ar chaighde\u00e1n saoil gach aoisghr\u00fapa i gCl\u00f3irtheach. D\u00e9anfar \u00e9 seo ar bhealach d\u00fathrachtach, cuimsitheach agus taitneamhach, i gcomhph\u00e1irt\u00edocht leis na hearn\u00e1lacha pobail, deonacha, pr\u00edobh\u00e1ideacha agus reacht\u00fala.<\/p>\n<p>T\u00e1 s\u00e9 suite sa Halla Par\u00f3iste i l\u00e1r an bhaile, oscailte Luan \u2013 Aoine 9am \u2013 4pm<\/p>\n<p>Le haghaidh tuilleadh eolais, tabhair \u2018is maith liom\u2019 don leathanach Facebook <a href=\"https:\/\/www.facebook.com\/clarafrc\/\">https:\/\/www.facebook.com\/clarafrc\/<\/a><\/p>\n<p>Guth\u00e1n: 057-9331928<\/p>\n<p>R\u00edomhphost: <a href=\"mailto:%3cscript%20type='text\/javascript'%3e%20%3c!--%20var%20prefix%20=%20'ma'%20+%20'il'%20+%20'to';%20var%20path%20=%20'hr'%20+%20'ef'%20+%20'=';%20var%20addy91880%20=%20'clarafrc'%20+%20'@';%20addy91880%20=%20addy91880%20+%20'eircom'%20+%20'.'%20+%20'net';%20document.write('%3ca%20'%20+%20path%20+%20'''%20+%20prefix%20+%20':'%20+%20addy91880%20+%20''%3e');%20document.write(addy91880);%20document.write('%3c%5C\/a%3e');%20\/\/--%3e%5Cn%20%3c\/script%3e%3cscript%20type='text\/javascript'%3e%20%3c!--%20document.write('%3cspan%20style='display:%20none;'%3e');%20\/\/--%3e%20%3c\/script%3eThis%20email%20address%20is%20being%20protected%20from%20spambots.%20You%20need%20JavaScript%20enabled%20to%20view%20it.%20%3cscript%20type='text\/javascript'%3e%20%3c!--%20document.write('%3c\/');%20document.write('span%3e');%20\/\/--%3e%20%3c\/script%3e\"> <\/a><a href=\"mailto:clarafrc@eircom.net\">clarafrc@eircom.net<\/a><\/p>\n<p style=\"text-align: center;\"><strong>Gn\u00edomha\u00edochta\u00ed agus Gr\u00fapa\u00ed san FRC (Ean\u00e1ir 2017)<\/strong><\/p>\n<p style=\"text-align: center;\"><strong>D\u00e9 Luain<\/strong><\/p>\n<p style=\"text-align: center;\"><a href=\"http:\/\/www.claraoffaly.ie\/index.php\/clara-family-resource-centre\/2-uncategorised\/94-clara-men-s-shed.html\">Sciob\u00f3l na bhFear Chl\u00f3irthigh<\/a> 2pm<\/p>\n<p style=\"text-align: center;\"><strong>D\u00e9 M\u00e1irt <\/strong><\/p>\n<p style=\"text-align: center;\"><a href=\"http:\/\/www.claraoffaly.ie\/index.php\/clara-family-resource-centre\/2-uncategorised\/98-inspire-group.html\">Gr\u00fapa Spreagtha<\/a> 10am\u201312pm<\/p>\n<p style=\"text-align: center;\"><a href=\"http:\/\/www.claraoffaly.ie\/index.php\/clara-family-resource-centre\/2-uncategorised\/113-japanese-karate.html\">Karate Seap\u00e1nach<\/a> 5.45pm &#8211; 6.45pm<\/p>\n<p style=\"text-align: center;\"><a href=\"http:\/\/www.claraoffaly.ie\/index.php\/clara-family-resource-centre\/2-uncategorised\/36-youth-club.html\">Club \u00d3ige<\/a> 7pm\u20138pm<\/p>\n<p style=\"text-align: center;\"><strong>D\u00e9 C\u00e9adaoin<\/strong><\/p>\n<p style=\"text-align: center;\"><a href=\"http:\/\/www.claraoffaly.ie\/index.php\/clara-family-resource-centre\/2-uncategorised\/33-parent-toddler-groups.html\">Gr\u00fapa\u00ed Tuismitheoir\u00ed &amp; Tachr\u00e1in<\/a> 10.00am &#8211; 12.00pm<\/p>\n<p style=\"text-align: center;\"><a href=\"http:\/\/www.claraoffaly.ie\/index.php\/clara-family-resource-centre\/2-uncategorised\/88-clara-active-retirement-group.html\">Cumann Gn\u00edomha\u00edochta Lucht Scoir Chl\u00f3irthigh<\/a> 2.30pm \u2013 4.30pm<\/p>\n<p style=\"text-align: center;\"><a href=\"http:\/\/www.claraoffaly.ie\/index.php\/clara-family-resource-centre\/2-uncategorised\/90-carers-support-group.html\">Gr\u00fapa Taca\u00edochta do Ch\u00faram\u00f3ir\u00ed<\/a> 8pm (Gach dara C\u00e9adaoin)<\/p>\n<p style=\"text-align: center;\"><strong>D\u00e9ardaoin<\/strong><\/p>\n<p style=\"text-align: center;\">Kinder Musik 10am &#8211; 10.45 am<\/p>\n<p style=\"text-align: center;\">Gr\u00fapa Idirghl\u00faine &#8211; 11.15am<\/p>\n<p style=\"text-align: center;\"><a href=\"http:\/\/www.claraoffaly.ie\/index.php\/clara-family-resource-centre\/2-uncategorised\/102-women-s-group.html\">Gr\u00fapa na mBan<\/a> 7.30pm \u2013 9.30pm<\/p>\n<p style=\"text-align: center;\"><strong>D\u00e9 hAoine <\/strong><\/p>\n<p style=\"text-align: center;\"><a href=\"http:\/\/www.claraoffaly.ie\/index.php\/clara-family-resource-centre\/2-uncategorised\/120-youth-zone.html\">Crios \u00d3ige<\/a> 6.30pm\u2013 8.00pm<\/p>\n<p style=\"text-align: center;\"><strong>Satharn<\/strong><\/p>\n<p style=\"text-align: center;\">Ranganna Eala\u00edne le Vincent Devine, gach maidin Shathairn ag 10.00am &#8211; chun tuilleadh eolais a fh\u00e1il, cuir glaoch ar Vincent 086 356 1057<\/p>\n<p style=\"text-align: left;\">Cuireann an t-ionad C\u00farsa\u00ed Oili\u00fana R\u00edomhaireachta ar f\u00e1il freisin, cabhair le Leas S\u00f3isialach agus foirmeacha eile, agus Seirbh\u00eds Comhairleoireachta d&#8217;Aosaigh \u2013 comhairleoireacht chaidrimh agus mh\u00e9ala r\u00fanda inacmhainne.<\/p>\n<h2><strong>LEABHARLANN CHL\u00d3IRTHIGH <\/strong><\/h2>\n<p>Suite b\u00e9al dorais le hIonad Cuairteoir\u00ed Chl\u00f3irthigh ar Bh\u00f3thar Bh\u00e9al \u00c1tha Chomair, t\u00e1 leabharlann Chl\u00f3irthigh oscailte don phobal \u00f3 cheann ceann na bliana, agus tarla\u00edonn go leor gn\u00edomha\u00edochta\u00ed ann go laeth\u00fail.<\/p>\n<div id=\"attachment_981\" style=\"width: 710px\" class=\"wp-caption alignnone\"><img loading=\"lazy\" decoding=\"async\" aria-describedby=\"caption-attachment-981\" class=\"size-full wp-image-981\" src=\"https:\/\/www.raisedbogs.ie\/wp-content\/uploads\/2017\/02\/slide2.jpg\" alt=\"\" width=\"700\" height=\"300\" srcset=\"https:\/\/www.raisedbogs.ie\/wp-content\/uploads\/2017\/02\/slide2.jpg 700w, https:\/\/www.raisedbogs.ie\/wp-content\/uploads\/2017\/02\/slide2-300x129.jpg 300w\" sizes=\"auto, (max-width: 700px) 100vw, 700px\" \/><p id=\"caption-attachment-981\" class=\"wp-caption-text\">T\u00e1 Leabharlann Chl\u00f3irthigh suite san fhoirgneamh nua c\u00e9anna le hIonad Cuairteoir\u00ed Phortach Chl\u00f3irthigh, d\u00edreach taobh amuigh de bhaile Chl\u00f3irthigh.<\/p><\/div>\n<p>T\u00e1 an Leabharlann ar oscailt \u00f3 10am \u2013 5pm gach l\u00e1, seachas ar an gC\u00e9adaoin nuair a bh\u00edonn s\u00ed ar oscailt go dt\u00ed 8pm agus ar an Satharn nuair a bh\u00edonn s\u00ed ar oscailt \u00f3 10am \u2013 1pm. T\u00e1 an leabharlann d\u00fanta D\u00e9 Domhnaigh.<\/p>\n<p>B\u00edonn go leor imeachta\u00ed rialta ag Leabharlann Chl\u00f3irthigh, ina measc &#8216;Tuesday Crafters&#8217;, gach M\u00e1irt idir 10am \u2013 me\u00e1n lae. Buaileann an Gr\u00fapa Cearda\u00edochta le ch\u00e9ile ansin gach D\u00e9ardaoin idir 10am \u2013 me\u00e1n lae agus ar an gc\u00e9ad Aoine de gach m\u00ed, buaileann Club Leabhar Chl\u00f3irthigh le ch\u00e9ile idir 10:30am \u2013 12:30pm. B\u00edonn f\u00e1ilte i gc\u00f3na\u00ed roimh bhaill nua chuig na himeachta\u00ed.<\/p>\n<p>Le haghaidh tuilleadh eolais, log\u00e1il isteach ar <a href=\"http:\/\/www.offaly.ie\/eng\/Services\/Libraries\/\">shu\u00edomh gr\u00e9as\u00e1in<\/a> Leabharlann U\u00edbh Fhail\u00ed <\/p>\n<p>&nbsp;<\/p>\n<h2><strong>MARGADH CHL\u00d3IRTHIGH <\/strong><\/h2>\n<p>B\u00edonn ceann de na marga\u00ed is c\u00e1ili\u00fala in \u00c9irinn ar si\u00fal d\u00edreach taobh amuigh de Chl\u00f3irtheach gach maidin Dhomhnaigh. Gheobhaidh siad si\u00fad a chuarda\u00edonn margadh neart deise luach ar airgead a fheice\u00e1il ag Margadh an Domhnaigh &amp; D\u00edolach\u00e1n as B\u00fait Cairr, \u00e1it a nd\u00edoltar gach cine\u00e1l ruda.<\/p>\n<p><img loading=\"lazy\" decoding=\"async\" class=\"size-full wp-image-977 aligncenter\" src=\"https:\/\/www.raisedbogs.ie\/wp-content\/uploads\/2017\/02\/clara-market2.png\" alt=\"\" width=\"569\" height=\"179\" srcset=\"https:\/\/www.raisedbogs.ie\/wp-content\/uploads\/2017\/02\/clara-market2.png 569w, https:\/\/www.raisedbogs.ie\/wp-content\/uploads\/2017\/02\/clara-market2-300x94.png 300w\" sizes=\"auto, (max-width: 569px) 100vw, 569px\" \/><\/p>\n<p>Suite ar Bh\u00f3thar an Mh\u00f3ta taobh amuigh de Chl\u00f3irtheach Co. U\u00edbh Fhail\u00ed ar shu\u00edomh 6 acra, d\u00edreach 4km \u00f3 Acomhal 6 ar an M6, go d\u00edreach 15 n\u00f3im\u00e9ad \u00f3 Thulach Mh\u00f3r, 20 n\u00f3im\u00e9ad \u00f3 Bhaile \u00c1tha Luain agus 25 n\u00f3im\u00e9ad \u00f3 Mhuileann gCearr. T\u00e1 an Margadh &amp; D\u00edolach\u00e1n as B\u00fait Cairr ag tr\u00e1d\u00e1il \u00f3 1993. B\u00edonn r\u00e9imse m\u00f3r t\u00e1irg\u00ed agus seirbh\u00eds\u00ed \u00e1 dtairiscint ag an margadh. B\u00edonn bia ar an l\u00e1thair agus t\u00e1 p\u00e1irce\u00e1il saor in aisce ann. B\u00edonn t\u00e1ill\u00ed stalla le h\u00edoc acu si\u00fad ar tr\u00e1d\u00e1laithe neamhsple\u00e1cha iad.<\/p>\n<p>T\u00e1 leathanach <a href=\"https:\/\/www.facebook.com\/claramarket\/\">FACEBOOK<\/a> ag an margadh chomh maith lena <a href=\"http:\/\/www.clara-market.com\/\">shu\u00edomh gr\u00e9as\u00e1in<\/a> f\u00e9in<\/p>\n<p>&nbsp;<\/p>\n<h2><strong>SU\u00cdOMH GR\u00c9AS\u00c1IN PHOBAL CHL\u00d3IRTHIGH<\/strong><\/h2>\n<p>Siopa a fhreastala\u00edonn ar gach rud a bhaineann le muintir Chl\u00f3irthigh. Feicfidh t\u00fa agus t\u00fa ag brabhs\u00e1il tr\u00ed na leathanaigh go bhfuil go leor le tairiscint ag an mbaile beag seo, Cl\u00f3irtheach, agus go bhfuil muintir na h\u00e1ite an-bhr\u00f3d\u00fail as a mbaile. T\u00e1 spiorad pobail br\u00edomhar ann le gn\u00e1th\u00f3ga n\u00e1d\u00fartha saibhre agus \u00e9ags\u00fala. De bharr go bhfuil r\u00e9imse acmhainn\u00ed agus gn\u00edomha\u00edochta\u00ed ar f\u00e1il, is \u00e1it iontach \u00ed Baile Chl\u00f3irthigh le maireacht\u00e1il, le hobair agus le cuairt a thabhairt uirthi. Suite i l\u00e1r na h\u00c9ireann, leath bealaigh idir Baile \u00c1tha Cliath agus Gaillimh, is bun\u00e1it l\u00e1rnach \u00ed Cl\u00f3irtheach chun taisteal ar fud na t\u00edre.<\/p>\n<p><a href=\"http:\/\/www.claraoffaly.ie\/\">http:\/\/www.claraoffaly.ie\/<\/a><\/p>\n<p>&nbsp;<\/p>\n<h2><strong><a href=\"http:\/\/www.claraoffaly.ie\/index.php\/environmental\/2-uncategorised\/49-tidy-towns.html\">BAILTE SLACHTMHARA<\/a> CL\u00d3IRTHIGH<\/strong><\/h2>\n<p>T\u00e1 s\u00e9 ar cheann de na gr\u00fapa\u00ed Bailte Slachtmhara is gn\u00edomha\u00ed agus is gn\u00f3tha\u00ed sa t\u00edr, agus d\u00e9antar iarracht an baile a fheabhs\u00fa d\u00f3ibh si\u00fad go l\u00e9ir a ch\u00f3na\u00edonn ann agus do na m\u00edlte a thugann cuairt air gach bliain. T\u00e9igh i dteagmh\u00e1il le Tim McMahon chun tuilleadh eolais a fh\u00e1il, 085 174 0453 n\u00f3 tr\u00ed r\u00edomhphost<a href=\"mailto:claraactionplan@gmail.com\"> <\/a> <a href=\"mailto:claraactionplan@gmail.com\">claraactionplan@gmail.com<\/a> n\u00f3 tabhair cuairt ar a leathanach <a href=\"https:\/\/www.facebook.com\/claratidytowns\">Facebook<\/a> le haghaidh tuilleadh eolais ar ghn\u00edomha\u00edochta\u00ed chun Cl\u00f3irtheach a choinne\u00e1il \u00e1lainn slachtmhar.<\/p>\n<div id=\"attachment_978\" style=\"width: 970px\" class=\"wp-caption aligncenter\"><img loading=\"lazy\" decoding=\"async\" aria-describedby=\"caption-attachment-978\" class=\"size-full wp-image-978\" src=\"https:\/\/www.raisedbogs.ie\/wp-content\/uploads\/2017\/02\/clara-tidy-towns.jpg\" alt=\"\" width=\"960\" height=\"720\" srcset=\"https:\/\/www.raisedbogs.ie\/wp-content\/uploads\/2017\/02\/clara-tidy-towns.jpg 960w, https:\/\/www.raisedbogs.ie\/wp-content\/uploads\/2017\/02\/clara-tidy-towns-300x225.jpg 300w, https:\/\/www.raisedbogs.ie\/wp-content\/uploads\/2017\/02\/clara-tidy-towns-768x576.jpg 768w\" sizes=\"auto, (max-width: 960px) 100vw, 960px\" \/><p id=\"caption-attachment-978\" class=\"wp-caption-text\">Tortha\u00ed na n-iarrachta\u00ed le d\u00e9ana\u00ed de Bhailte Slachtmhara Chl\u00f3irthigh ag SAC Phortach Chl\u00f3irthigh<\/p><\/div>\n<h2><\/h2>\n<h2><strong>CUMANN CEOIL CHL\u00d3IRTHIGH<\/strong><\/h2>\n<p>Fuair Cumann Ceoil Chl\u00f3irthigh ainmni\u00fach\u00e1in agus gradaim \u00e9ags\u00fala ag searmanas bronnta bliant\u00fail Chumann Ceoil na h\u00c9ireann (AIMS) thar na blianta lena n-\u00e1ir\u00edtear seacht n-ainmni\u00fach\u00e1n agus tr\u00ed Ghradam do Beauty &amp; the Beast in 2010.<\/p>\n<p>Idir 28 M\u00e1rta \u2013 1 Aibre\u00e1n na bliana seo cuirfidh siad an ch\u00e9ad taibhi\u00fa amait\u00e9arach \u00c9ireannach de &#8216;CATS&#8217; i l\u00e1thair in Ionad CLG Chl\u00f3irthigh.<\/p>\n<p><img loading=\"lazy\" decoding=\"async\" class=\"alignnone size-full wp-image-980\" src=\"https:\/\/www.raisedbogs.ie\/wp-content\/uploads\/2017\/02\/clara-musical-society-presents-cats-5052.jpg\" alt=\"\" width=\"508\" height=\"720\" srcset=\"https:\/\/www.raisedbogs.ie\/wp-content\/uploads\/2017\/02\/clara-musical-society-presents-cats-5052.jpg 508w, https:\/\/www.raisedbogs.ie\/wp-content\/uploads\/2017\/02\/clara-musical-society-presents-cats-5052-212x300.jpg 212w\" sizes=\"auto, (max-width: 508px) 100vw, 508px\" \/><\/p>\n<p>Cuirtear f\u00e1ilte i gc\u00f3na\u00ed roimh bhaill nua os cionn 16 bliana d&#8217;aois chuig na seomra\u00ed cleachtaidh ag Teach Cruinnithe na gCairde ar Bh\u00f3thar Thulach Mh\u00f3r. Tabhair cuairt ar a <a href=\"http:\/\/claramusical.weebly.com\/\">su\u00edomh gr\u00e9as\u00e1in<\/a> n\u00f3 ar a leathanach <a href=\"https:\/\/www.facebook.com\/groups\/108460955840642\/\">Facebook<\/a>.<\/p>\n<p>&nbsp;<\/p>\n<h2><strong>BANNA CEOIL BHAILE CHL\u00d3IRTHIGH<\/strong><\/h2>\n<p>Is iad Banna Ceoil Bhaile Chl\u00f3irtigh rogha na coitiantachta maidir le banna\u00ed m\u00e1irse\u00e1la na h\u00c9ireann. In 2014, bh\u00ed baile Chl\u00f3irthigh san ioma\u00edocht i gCraobhchom\u00f3rtais N\u00e1isi\u00fanta na mBanna\u00ed agus bronnadh buaiteoir\u00ed roinn 4 orthu chomh maith leis an bP\u00edosa Se\u00f3 is Fearr, Rogha an Chl\u00e1ir is Fearr agus an Banna Is Tr\u00e9ith\u00ed. In 2015 ba iad buaiteoir\u00ed na Rann\u00f3ige Idirmhe\u00e1nacha i gCraobhchom\u00f3rtais Bhanna\u00ed Dheisceart na h\u00c9ireann iad, agus fuair siad an dara h\u00e1it sna Babhta\u00ed N\u00e1isi\u00fanta in 2016. Le haghaidh eolais faoi Bhanna Ceoil Bhaile Chl\u00f3irthigh d\u00e9an teagmh\u00e1il le Marian 087 150 6678, <a href=\"mailto:claratownband@gmail.com\">claratownband@gmail.com<\/a> n\u00f3 tabhair cuairt ar a leathanach <a href=\"https:\/\/www.facebook.com\/claratownband\">Facebook<\/a>.<\/p>\n<div id=\"attachment_979\" style=\"width: 970px\" class=\"wp-caption alignnone\"><img loading=\"lazy\" decoding=\"async\" aria-describedby=\"caption-attachment-979\" class=\"size-full wp-image-979\" src=\"https:\/\/www.raisedbogs.ie\/wp-content\/uploads\/2017\/02\/Clara-Town-band.jpg\" alt=\"\" width=\"960\" height=\"720\" srcset=\"https:\/\/www.raisedbogs.ie\/wp-content\/uploads\/2017\/02\/Clara-Town-band.jpg 960w, https:\/\/www.raisedbogs.ie\/wp-content\/uploads\/2017\/02\/Clara-Town-band-300x225.jpg 300w, https:\/\/www.raisedbogs.ie\/wp-content\/uploads\/2017\/02\/Clara-Town-band-768x576.jpg 768w\" sizes=\"auto, (max-width: 960px) 100vw, 960px\" \/><p id=\"caption-attachment-979\" class=\"wp-caption-text\">Banna Ceoil Bhaile Chl\u00f3irthigh a bhuaigh duaiseanna in 2015.<\/p><\/div>\n<p>&nbsp;<\/p>\n<h2><strong>LEANA\u00cd, \u00d3IGE &amp;TEAGHLAIGH CHL\u00d3IRTHIGH<\/strong><\/h2>\n<p>\u2018<a href=\"http:\/\/www.claraoffaly.ie\/index.php\/children\/2-uncategorised\/35-brosna-brownie-pack.html\">Brosna Brownie Pack<\/a>\u2019 &#8211; Buaileann \u2018Brosna Brownie Pack\u2019 le ch\u00e9ile gach C\u00e9adaoin i Scoil Bhr\u00edde, Cl\u00f3irtheach \u00f3 5.45pm \u2013 7.15pm<\/p>\n<p>\u2018<a href=\"http:\/\/www.claraoffaly.ie\/index.php\/children\/2-uncategorised\/29-clara-girl-guides.html\">Clara Girl Guides<\/a>\u2019 &#8211; Tagann an gr\u00fapa le ch\u00e9ile i Scoil Bhr\u00edde tr\u00e1thn\u00f3na D\u00e9 C\u00e9adaoin \u00f3 5.45 go 7.15 i rith na bliana scoile<\/p>\n<p><a href=\"http:\/\/www.claraoffaly.ie\/index.php\/children\/2-uncategorised\/30-clara-playground-committee.html\">Coiste Cl\u00f3s S\u00fagartha Clara<\/a> &#8211; Is \u00e1is iontach \u00ed P\u00e1irc S\u00fagartha Chl\u00f3irthigh do gach duine i gCl\u00f3irtheach chun taitneamh a bhaint as.<\/p>\n<p><a href=\"http:\/\/www.claraoffaly.ie\/index.php\/children\/2-uncategorised\/31-clara-scouts.html\">Gas\u00f3ga Chl\u00f3irthigh U\u00edbh Fhail\u00ed<\/a> &#8211; Bh\u00ed na Gas\u00f3ga gn\u00edomhach i gCl\u00f3irtheach \u00f3 1969, nuair a oscla\u00edodh craobh de Ghas\u00f3ga Caitliceacha na h\u00c9ireann (mar a tugadh air ag an am) go hoifigi\u00fail i m\u00ed Ean\u00e1ir 1969. <a href=\"http:\/\/www.claraoffaly.ie\/index.php\/children\/2-uncategorised\/32-summercamp.html\"> <\/a><\/p>\n<p><a href=\"http:\/\/www.claraoffaly.ie\/index.php\/children\/2-uncategorised\/33-parent-toddler-groups.html\">Buaileann Gr\u00fapa\u00ed Tuismitheoir\u00ed &amp; Tachr\u00e1in<\/a> le ch\u00e9ile gach C\u00e9adaoin san Ionad Acmhainn\u00ed Teaghlaigh \u00f3 10.00am \u2013 12.00pm<\/p>\n<p>Re\u00e1cht\u00e1lann Ionad Acmhainn\u00ed Teaghlaigh <a href=\"http:\/\/www.claraoffaly.ie\/index.php\/children\/2-uncategorised\/32-summercamp.html\">Campa Samhraidh<\/a> ina mb\u00edonn F\u00e9ilte Samhraidh \u00d3ige gach bliain.<\/p>\n<p><a href=\"http:\/\/www.claraoffaly.ie\/index.php\/children\/2-uncategorised\/96-drugs-and-alcohol-task-group.html\">Treo \u00d3ige an Chl\u00f3irthigh \u2013 Rogha Saoil, Rogha Feasach, Rogha Ceart<\/a>. Chun tuilleadh eolais a fh\u00e1il, d\u00e9an teagmh\u00e1il le Mary Delaney 087 239 5297<\/p>\n<p><a href=\"http:\/\/www.claraoffaly.ie\/index.php\/children\/2-uncategorised\/36-youth-club.html\">Club \u00d3ige<\/a> &#8211; Reacht\u00e1iltear Club \u00d3ige ag Ionad Acmhainn\u00ed Teaghlaigh Chl\u00f3irthigh gach M\u00e1irt 7pm \u2013 8pm<\/p>\n<p><a href=\"http:\/\/www.claraoffaly.ie\/index.php\/children\/2-uncategorised\/118-friday-night-youth-zone.html\">Crios \u00d3ige Chl\u00f3irthigh<\/a> \u2013 buaileann siad le ch\u00e9ile gach Aoine \u00f3 6.30pm \u2013 8pm ag Ionad Acmhainn\u00ed Teaghlaigh Chl\u00f3irthigh<\/p>\n<p>&nbsp;<\/p>\n<p>&nbsp;<\/p>\n<p>&nbsp;<\/p>\n","protected":false},"excerpt":{"rendered":"<p>Baineann an leathanach seo leis na pobail \u00e1iti\u00fala m\u00f3rthimpeall ar Phortach Chl\u00f3irthigh. Is cuma m\u00e1s gr\u00fapa pobail \u00e1iti\u00fail at\u00e1 i gceist, lucht scoir, scoil n\u00e1isi\u00fanta n\u00f3 me\u00e1nscoil, gr\u00fapa oidhreachta, gr\u00fapa [&hellip;]<\/p>\n","protected":false},"author":9,"featured_media":2596,"comment_status":"open","ping_status":"open","sticky":false,"template":"","format":"standard","meta":{"_acf_changed":false,"_EventAllDay":false,"_EventTimezone":"","_EventStartDate":"","_EventEndDate":"","_EventStartDateUTC":"","_EventEndDateUTC":"","_EventShowMap":false,"_EventShowMapLink":false,"_EventURL":"","_EventCost":"","_EventCostDescription":"","_EventCurrencySymbol":"","_EventCurrencyCode":"","_EventCurrencyPosition":"","_EventDateTimeSeparator":"","_EventTimeRangeSeparator":"","_EventOrganizerID":[],"_EventVenueID":[],"_OrganizerEmail":"","_OrganizerPhone":"","_OrganizerWebsite":"","_VenueAddress":"","_VenueCity":"","_VenueCountry":"","_VenueProvince":"","_VenueState":"","_VenueZip":"","_VenuePhone":"","_VenueURL":"","_VenueStateProvince":"","_VenueLat":"","_VenueLng":"","_VenueShowMap":false,"_VenueShowMapLink":false,"footnotes":""},"categories":[592],"tags":[593,597,594,596,595],"class_list":["post-3037","post","type-post","status-publish","format-standard","has-post-thumbnail","hentry","category-portach-chloirthigh","tag-banna-baile-clara","tag-cumann-ceoil-chlara","tag-ionad-acmhainni-pobail-agus-teaghlaigh-clara","tag-leabharlann-clara","tag-margai-clara"],"acf":[],"_links":{"self":[{"href":"https:\/\/www.raisedbogs.ie\/ga\/wp-json\/wp\/v2\/posts\/3037","targetHints":{"allow":["GET"]}}],"collection":[{"href":"https:\/\/www.raisedbogs.ie\/ga\/wp-json\/wp\/v2\/posts"}],"about":[{"href":"https:\/\/www.raisedbogs.ie\/ga\/wp-json\/wp\/v2\/types\/post"}],"author":[{"embeddable":true,"href":"https:\/\/www.raisedbogs.ie\/ga\/wp-json\/wp\/v2\/users\/9"}],"replies":[{"embeddable":true,"href":"https:\/\/www.raisedbogs.ie\/ga\/wp-json\/wp\/v2\/comments?post=3037"}],"version-history":[{"count":1,"href":"https:\/\/www.raisedbogs.ie\/ga\/wp-json\/wp\/v2\/posts\/3037\/revisions"}],"predecessor-version":[{"id":3326,"href":"https:\/\/www.raisedbogs.ie\/ga\/wp-json\/wp\/v2\/posts\/3037\/revisions\/3326"}],"wp:featuredmedia":[{"embeddable":true,"href":"https:\/\/www.raisedbogs.ie\/ga\/wp-json\/wp\/v2\/media\/2596"}],"wp:attachment":[{"href":"https:\/\/www.raisedbogs.ie\/ga\/wp-json\/wp\/v2\/media?parent=3037"}],"wp:term":[{"taxonomy":"category","embeddable":true,"href":"https:\/\/www.raisedbogs.ie\/ga\/wp-json\/wp\/v2\/categories?post=3037"},{"taxonomy":"post_tag","embeddable":true,"href":"https:\/\/www.raisedbogs.ie\/ga\/wp-json\/wp\/v2\/tags?post=3037"}],"curies":[{"name":"wp","href":"https:\/\/api.w.org\/{rel}","templated":true}]}}