{"id":3020,"date":"2017-02-14T16:41:29","date_gmt":"2017-02-14T16:41:29","guid":{"rendered":"https:\/\/www.raisedbogs.ie\/tabhair-cuairt-ar-gharascal\/"},"modified":"2022-12-21T12:01:49","modified_gmt":"2022-12-21T12:01:49","slug":"tabhair-cuairt-ar-gharascal","status":"publish","type":"post","link":"https:\/\/www.raisedbogs.ie\/ga\/tabhair-cuairt-ar-gharascal\/","title":{"rendered":"Tabhair cuairt ar Gharascal"},"content":{"rendered":"<p>Faoi l\u00e1thair, <strong>n\u00edl<\/strong> aon \u00e1iseanna do chuairteoir\u00ed ag Portach Gharascail.<\/p>\n<p>T\u00e1 an portach f\u00e9in an-chont\u00fairteach si\u00fal air (go h\u00e1irithe tar \u00e9is oibreacha athch\u00f3irithe) mar sin n\u00ed thugtar comhairle, spreagadh n\u00e1 cead do chuairteanna gan mhaoirseacht.<\/p>\n<div id=\"attachment_1956\" style=\"width: 1034px\" class=\"wp-caption aligncenter\"><a href=\"https:\/\/www.raisedbogs.ie\/wp-content\/uploads\/2017\/02\/DJI_0347-Pano-2-scaled.jpg\"><img loading=\"lazy\" decoding=\"async\" aria-describedby=\"caption-attachment-1956\" class=\"size-large wp-image-1956\" src=\"https:\/\/www.raisedbogs.ie\/wp-content\/uploads\/2017\/02\/DJI_0347-Pano-2-1024x433.jpg\" alt=\"\" width=\"1024\" height=\"433\" srcset=\"https:\/\/www.raisedbogs.ie\/wp-content\/uploads\/2017\/02\/DJI_0347-Pano-2-1024x433.jpg 1024w, https:\/\/www.raisedbogs.ie\/wp-content\/uploads\/2017\/02\/DJI_0347-Pano-2-300x127.jpg 300w, https:\/\/www.raisedbogs.ie\/wp-content\/uploads\/2017\/02\/DJI_0347-Pano-2-768x325.jpg 768w, https:\/\/www.raisedbogs.ie\/wp-content\/uploads\/2017\/02\/DJI_0347-Pano-2-1536x649.jpg 1536w, https:\/\/www.raisedbogs.ie\/wp-content\/uploads\/2017\/02\/DJI_0347-Pano-2-2048x866.jpg 2048w\" sizes=\"auto, (max-width: 1024px) 100vw, 1024px\" \/><\/a><p id=\"caption-attachment-1956\" class=\"wp-caption-text\">SAC Phortach Gharascail in aice leis an Muileann gCearr, an tSr\u00e1id, R\u00e1th Eoghain agus B\u00e9al \u00c1tha na Leac. Pic: Skyfab\/Declan Murray for NPWS<\/p><\/div>\n<p>M\u00e1s mian leat cuairt a thabhairt ar Phortach Gharascail, t\u00e9igh i dteagmh\u00e1il leis an tSeirbh\u00eds P\u00e1irceanna N\u00e1isi\u00fanta agus Fiadh\u00falra. N\u00ed f\u00e9idir rochtain phoibl\u00ed ar thalamh faoi \u00fain\u00e9ireacht st\u00e1it a shocr\u00fa ach ar an mbealach seo.<\/p>\n<p>Bh\u00ed foireann thionscadal LIFE ag s\u00fail le laethanta oscailte agus si\u00fal\u00f3id\u00ed agus cainteanna treoraithe a chur ar f\u00e1il ach chuir Covid-19 isteach ar na pleananna sin.<\/p>\n<p>F\u00e9ach ar <a href=\"https:\/\/www.raisedbogs.ie\/events\/\">fh\u00e9ilire na n-imeachta\u00ed<\/a> ar an bpr\u00edomhleathanach agus ar na me\u00e1in sh\u00f3isialta freisin.<\/p>\n<p><a href=\"https:\/\/www.facebook.com\/LIFEraisedbogs\/\"><img loading=\"lazy\" decoding=\"async\" class=\"alignnone wp-image-1069\" src=\"https:\/\/www.raisedbogs.ie\/wp-content\/uploads\/2016\/12\/facebook-logo-png-transparent-background-1024x1024.png\" width=\"91\" height=\"91\" srcset=\"https:\/\/www.raisedbogs.ie\/wp-content\/uploads\/2016\/12\/facebook-logo-png-transparent-background-1024x1024.png 1024w, https:\/\/www.raisedbogs.ie\/wp-content\/uploads\/2016\/12\/facebook-logo-png-transparent-background-1024x1024-150x150.png 150w, https:\/\/www.raisedbogs.ie\/wp-content\/uploads\/2016\/12\/facebook-logo-png-transparent-background-1024x1024-300x300.png 300w, https:\/\/www.raisedbogs.ie\/wp-content\/uploads\/2016\/12\/facebook-logo-png-transparent-background-1024x1024-768x768.png 768w\" sizes=\"auto, (max-width: 91px) 100vw, 91px\" \/><\/a> <a href=\"https:\/\/twitter.com\/LIFEraisedbogs\"><img loading=\"lazy\" decoding=\"async\" class=\"alignnone wp-image-1070\" src=\"https:\/\/www.raisedbogs.ie\/wp-content\/uploads\/2016\/12\/twitter-logo-transparent.png\" width=\"90\" height=\"90\" srcset=\"https:\/\/www.raisedbogs.ie\/wp-content\/uploads\/2016\/12\/twitter-logo-transparent.png 1024w, https:\/\/www.raisedbogs.ie\/wp-content\/uploads\/2016\/12\/twitter-logo-transparent-150x150.png 150w, https:\/\/www.raisedbogs.ie\/wp-content\/uploads\/2016\/12\/twitter-logo-transparent-300x300.png 300w, https:\/\/www.raisedbogs.ie\/wp-content\/uploads\/2016\/12\/twitter-logo-transparent-768x768.png 768w\" sizes=\"auto, (max-width: 90px) 100vw, 90px\" \/><\/a><\/p>\n<hr>\n<p>T\u00e1 Portach Gharascail suite thart ar 2km \u00f3 R\u00e1th Eoghain agus 2.5km \u00f3 Bh\u00e9al \u00c1tha na Leac feadh phr\u00edomhbh\u00f3thar N4 Bhaile \u00c1tha Cliath \u2013 Shligigh, 1 km soir \u00f3 dheas \u00f3 shr\u00e1idbhaile na Sr\u00e1ide, 20km siar \u00f3n Muileann gCearr agus 1km siar \u00f3 Loch Dairbhreach i gContae na hIarmh\u00ed.<\/p>\n<p>Sreabhann Abhainn na hU\u00edne soir \u00f3 dheas, sreabhann Abhainn Riffey \u00f3 dheas agus soir \u00f3 dheas agus t\u00e9ann iarnr\u00f3d Bhaile \u00c1tha Cliath go Sligeach i dtreo an tuaiscirt agus t\u00e1 s\u00e9 in aice leis an bportach san iarthuaisceart. Is f\u00e9idir an su\u00edomh a fheice\u00e1il \u00f3 bh\u00f3thar portaigh a th\u00e9ann \u00f3 thuaidh den su\u00edomh. Is f\u00e9idir teacht ar an mb\u00f3thar in aice le seaneaglais at\u00e1 gar do shr\u00e1idbhaile na Sr\u00e1ide.<\/p>\n<p>Is cuid at\u00e1 f\u00f3s in \u00fas\u00e1id de ghr\u00e9as\u00e1n Iarnr\u00f3d \u00c9ireann \u00ed an l\u00edne iarnr\u00f3id a nascann \u00f3 thuaidh den su\u00edomh agus b\u00edonn s\u00ed gn\u00f3thach le traenacha ardluais \u00f3 Shligeach go Baile \u00c1tha Cliath. N\u00e1 si\u00fal ar na rianta.<\/p>\n<div id=\"attachment_1190\" style=\"width: 970px\" class=\"wp-caption alignnone\"><img loading=\"lazy\" decoding=\"async\" aria-describedby=\"caption-attachment-1190\" class=\"size-full wp-image-1190\" src=\"https:\/\/www.raisedbogs.ie\/wp-content\/uploads\/2017\/02\/mullingar-Xmas-Declan-Murray.jpg\" alt=\"\" width=\"960\" height=\"718\" srcset=\"https:\/\/www.raisedbogs.ie\/wp-content\/uploads\/2017\/02\/mullingar-Xmas-Declan-Murray.jpg 960w, https:\/\/www.raisedbogs.ie\/wp-content\/uploads\/2017\/02\/mullingar-Xmas-Declan-Murray-300x224.jpg 300w, https:\/\/www.raisedbogs.ie\/wp-content\/uploads\/2017\/02\/mullingar-Xmas-Declan-Murray-768x574.jpg 768w\" sizes=\"auto, (max-width: 960px) 100vw, 960px\" \/><p id=\"caption-attachment-1190\" class=\"wp-caption-text\">Mount Street sa Mhuileann gCearr, grianghraf a ghlac Declan Murray, Nollaig 2016.<\/p><\/div>\n<p>In aice l\u00e1imhe cuireann sr\u00e1idbhailte na Sr\u00e1ide, Lios Mhic Gofraidh, Bh\u00e9al \u00c1tha na Leac agus R\u00e1th Eoghain go leor ar f\u00e1il chun cuairteoir\u00ed a mhealladh. T\u00e1 naisc agus sc\u00e9alta ann a bhaineann le Naomh P\u00e1draig, fionnachtana r\u00e9alteola\u00edochta agus Bruce Springsteen! T\u00e1 an Muileann gCearr, baile iontach i gcontae na hIarmh\u00ed, soir ar an N4, agus cuirtear go leor ar f\u00e1il ann d&#8217;aon chuairteoir.<\/p>\n<p>Chun tuilleadh eolais a fh\u00e1il ar an gceantar, agus le f\u00e1il amach cad at\u00e1 le feice\u00e1il agus le d\u00e9anamh, f\u00e9ach ar an <a href=\"https:\/\/www.raisedbogs.ie\/history-of-garriskil-bog\/\">LEATHANACH STAIRE<\/a> agus <a href=\"https:\/\/www.raisedbogs.ie\/garriskil-local-and-community\/\">GO H\u00c1ITI\u00daIL AGUS SA PHOBAL<\/a>.<\/p>\n","protected":false},"excerpt":{"rendered":"<p>Faoi l\u00e1thair, n\u00edl aon \u00e1iseanna do chuairteoir\u00ed ag Portach Gharascail. T\u00e1 an portach f\u00e9in an-chont\u00fairteach si\u00fal air (go h\u00e1irithe tar \u00e9is oibreacha athch\u00f3irithe) mar sin n\u00ed thugtar comhairle, spreagadh n\u00e1 [&hellip;]<\/p>\n","protected":false},"author":9,"featured_media":2620,"comment_status":"open","ping_status":"open","sticky":false,"template":"","format":"standard","meta":{"_acf_changed":false,"_EventAllDay":false,"_EventTimezone":"","_EventStartDate":"","_EventEndDate":"","_EventStartDateUTC":"","_EventEndDateUTC":"","_EventShowMap":false,"_EventShowMapLink":false,"_EventURL":"","_EventCost":"","_EventCostDescription":"","_EventCurrencySymbol":"","_EventCurrencyCode":"","_EventCurrencyPosition":"","_EventDateTimeSeparator":"","_EventTimeRangeSeparator":"","_EventOrganizerID":[],"_EventVenueID":[],"_OrganizerEmail":"","_OrganizerPhone":"","_OrganizerWebsite":"","_VenueAddress":"","_VenueCity":"","_VenueCountry":"","_VenueProvince":"","_VenueState":"","_VenueZip":"","_VenuePhone":"","_VenueURL":"","_VenueStateProvince":"","_VenueLat":"","_VenueLng":"","_VenueShowMap":false,"_VenueShowMapLink":false,"footnotes":""},"categories":[558],"tags":[],"class_list":["post-3020","post","type-post","status-publish","format-standard","has-post-thumbnail","hentry","category-portach-ghairscil"],"acf":[],"_links":{"self":[{"href":"https:\/\/www.raisedbogs.ie\/ga\/wp-json\/wp\/v2\/posts\/3020","targetHints":{"allow":["GET"]}}],"collection":[{"href":"https:\/\/www.raisedbogs.ie\/ga\/wp-json\/wp\/v2\/posts"}],"about":[{"href":"https:\/\/www.raisedbogs.ie\/ga\/wp-json\/wp\/v2\/types\/post"}],"author":[{"embeddable":true,"href":"https:\/\/www.raisedbogs.ie\/ga\/wp-json\/wp\/v2\/users\/9"}],"replies":[{"embeddable":true,"href":"https:\/\/www.raisedbogs.ie\/ga\/wp-json\/wp\/v2\/comments?post=3020"}],"version-history":[{"count":1,"href":"https:\/\/www.raisedbogs.ie\/ga\/wp-json\/wp\/v2\/posts\/3020\/revisions"}],"predecessor-version":[{"id":3369,"href":"https:\/\/www.raisedbogs.ie\/ga\/wp-json\/wp\/v2\/posts\/3020\/revisions\/3369"}],"wp:featuredmedia":[{"embeddable":true,"href":"https:\/\/www.raisedbogs.ie\/ga\/wp-json\/wp\/v2\/media\/2620"}],"wp:attachment":[{"href":"https:\/\/www.raisedbogs.ie\/ga\/wp-json\/wp\/v2\/media?parent=3020"}],"wp:term":[{"taxonomy":"category","embeddable":true,"href":"https:\/\/www.raisedbogs.ie\/ga\/wp-json\/wp\/v2\/categories?post=3020"},{"taxonomy":"post_tag","embeddable":true,"href":"https:\/\/www.raisedbogs.ie\/ga\/wp-json\/wp\/v2\/tags?post=3020"}],"curies":[{"name":"wp","href":"https:\/\/api.w.org\/{rel}","templated":true}]}}