{"id":3017,"date":"2017-02-14T16:44:52","date_gmt":"2017-02-14T16:44:52","guid":{"rendered":"https:\/\/www.raisedbogs.ie\/garriskil-aitiuil-agus-pobail\/"},"modified":"2022-12-21T09:37:34","modified_gmt":"2022-12-21T09:37:34","slug":"garriskil-aitiuil-agus-pobail","status":"publish","type":"post","link":"https:\/\/www.raisedbogs.ie\/ga\/garriskil-aitiuil-agus-pobail\/","title":{"rendered":"Garriskil \u00c1iti\u00fail agus Pobail"},"content":{"rendered":"<p>Baineann an leathanach seo leis na pobail timpeall ar SAC Phortach Gharascail. Is cuma m\u00e1s ball de ghr\u00fapa pobail n\u00f3 oidhreachta th\u00fa, seid na bhfear, eagra\u00edocht sp\u00f3irt n\u00f3 aon ghr\u00fapa sa ch\u00falchr\u00edoch m\u00e1guaird den phortach, t\u00e1 an chuid seo de shu\u00edomh Gharascail d\u00edrithe ortsa.<\/p>\n<p>T\u00e1 sc\u00e9alta agus stair \u00f3n gceantar \u00e1 gcur i dtoll a ch\u00e9ile ag \u00e1r bhfoireann tionscadail faoi l\u00e1thair.<\/p>\n<p>M\u00e1 t\u00e1 su\u00edomh gr\u00e9as\u00e1in agat, n\u00f3 nuachtlitir n\u00f3 bileog eolais ba mhaith leat lucht f\u00e9achana n\u00edos leithne a fheice\u00e1il, n\u00e1 b\u00edodh aon leisce ort muid a chur ar an eolas agus cuirfear ar an su\u00edomh seo \u00e9.<\/p>\n<p>Cruth\u00f3imid nasc freisin le daoine agus aimseoimid imeachta\u00ed suimi\u00fala sna ceantair a bhaineann leis an bportach ardaithe t\u00e1bhachtach seo. Ba mhaith linn ceili\u00faradh a dh\u00e9anamh ar an am at\u00e1 caite, ar an am i l\u00e1thair agus ar thodhcha\u00ed an cheantair.<\/p>\n<p>Ba mhaith linn go bhfoghlaimeodh n\u00edos m\u00f3 daoine faoin gcult\u00far agus na traidisi\u00fain a bhaineann leis na daoine, na pobail agus na portaigh san Iarmh\u00ed agus t\u00e1 fonn ar \u00e1r mBainisteoir Feasachta Poibl\u00ed an ghn\u00e9 seo d\u00e1r bportaigh a cheili\u00faradh chomh maith le portaigh ardaithe a chaomhn\u00fa agus a athch\u00f3iri\u00fa.<\/p>\n<p>T\u00e1 an ceantar m\u00f3rthimpeall ar Phortach Gharascail beo beathach, agus t\u00e1 go leor gr\u00fapa\u00ed gn\u00edomhacha ann, lena n-\u00e1ir\u00edtear:<\/p>\n<h2>P\u00c1IRC PHAR\u00d3ISTE AGUS IONAD POBAIL\/SP\u00d3IRT NA SR\u00c1IDE<\/h2>\n<p><a href=\"https:\/\/www.facebook.com\/Streete-Parish-Park-Sports-Complex-134395319962735\/\"><img loading=\"lazy\" decoding=\"async\" class=\"wp-image-955 size-full aligncenter\" src=\"https:\/\/www.raisedbogs.ie\/wp-content\/uploads\/2017\/02\/streete-2.jpg\" width=\"480\" height=\"319\" srcset=\"https:\/\/www.raisedbogs.ie\/wp-content\/uploads\/2017\/02\/streete-2.jpg 480w, https:\/\/www.raisedbogs.ie\/wp-content\/uploads\/2017\/02\/streete-2-300x199.jpg 300w\" sizes=\"auto, (max-width: 480px) 100vw, 480px\" \/><\/a><br \/>\nB\u00edonn neart gn\u00edomha\u00edochta\u00ed ag Ionad Pobail na Sr\u00e1ide \u00f3 cheann ceann na bliana, agus b\u00edonn an halla oscailte do ghr\u00fapa\u00ed \u00e1iti\u00fala, d&#8217;eagra\u00edochta\u00ed sp\u00f3irt agus go leor eile.<\/p>\n<p>T\u00e1 800 su\u00edoch\u00e1n sa halla agus t\u00e1 dh\u00e1 bhalc\u00f3in f\u00e9achana aige. T\u00e1 st\u00e1itse soghluaiste ann agus t\u00e1 trealamh aimplithe ar f\u00e1il ar an l\u00e1thair. Is ioma\u00ed imeacht a re\u00e1cht\u00e1ladh sa halla roimhe seo, idir dhamhsa\u00ed, cheolchoirmeacha, mharga\u00ed feirme, chomhdh\u00e1lacha agus chruinnithe. T\u00e1 seomra cruinnithe ar leith ar f\u00e1il freisin, agus t\u00e1 \u00e1iseanna oifige l\u00e1nfheistithe ann lena n-\u00e1ir\u00edtear leathanbhanda, f\u00f3tach\u00f3ipe\u00e1il, srl. T\u00e1 cistin l\u00e1nfheistithe ann agus beidh f\u00e1il ar bhe\u00e1r m\u00e1s g\u00e1. Is Ionad Sp\u00f3irt \u00e9 an tIonad Pobail freisin agus t\u00e1 dh\u00e1 sheomra feistis ann le h\u00e1iseanna cithfholcad\u00e1in, agus C\u00fairt Cispheile M\u00e9id Idirn\u00e1isi\u00fanta ina bhfuil bord sc\u00f3r\u00e1la leictreonach. Is f\u00e9idir an t-ionad a \u00fas\u00e1id le haghaidh Sacar faoi Dh\u00edon, Bolla\u00ed faoi Dh\u00edon (11 mata ar f\u00e1il) agus is f\u00e9idir \u00e9 a athr\u00fa ina 4 Ch\u00fairt Bhadmantain n\u00f3 Eitpheile. Taobh amuigh t\u00e1 P\u00e1irc Pheil Ghaelach l\u00e1nmh\u00e9ide agus \u00e1iseanna sacair agus rugba\u00ed leaiste. T\u00e1 Limist\u00e9ar S\u00fagartha do Ph\u00e1ist\u00ed curtha ar f\u00e1il ag Gr\u00fapa na dTuismitheoir\u00ed.<\/p>\n<p>Chun tuilleadh eolais a fh\u00e1il, f\u00e9ach leathanach <a href=\"https:\/\/www.facebook.com\/Streete-Parish-Park-Sports-Complex-134395319962735\/\">Facebook<\/a> Ph\u00e1irc Phar\u00f3iste agus Ionad Sp\u00f3irt na Sr\u00e1ide.<\/p>\n<hr>\n<h2><strong>CLUB SEANR\u00c9 PH\u00c1IRC PHAR\u00d3ISTE NA SR\u00c1IDE<\/strong><\/h2>\n<p>T\u00e1 an club seanr\u00e9 sa tSr\u00e1id ar cheann de na cinn is gn\u00f3tha\u00ed sa t\u00edr, agus gach m\u00ed I\u00fail b\u00edonn ceann de na se\u00f3nna seanr\u00e9 is m\u00f3 in \u00c9irinn i bP\u00e1irc an Phar\u00f3iste. Is ceili\u00faradh \u00e9 an se\u00f3 ar gach feithicil seanr\u00e9, idir ghluaiste\u00e1in chlasaiceacha, rothair, thrucail\u00ed agus fheithicl\u00ed oibre agus, ar nd\u00f3igh, b\u00edonn oidhreacht talmha\u00edochta na h\u00c9ireann le brath go l\u00e1idir san \u00e1it mar gheall ar na meais\u00edn\u00ed iontacha. Is l\u00e1 iontach do theaghlaigh \u00e9 freisin, l\u00e1 l\u00e1n le siamsa\u00edocht agus taispe\u00e1ntais.<\/p>\n<div id=\"attachment_958\" style=\"width: 496px\" class=\"wp-caption aligncenter\"><a href=\"https:\/\/www.facebook.com\/streeteparishparkvintageclub.ie\/\"><img loading=\"lazy\" decoding=\"async\" aria-describedby=\"caption-attachment-958\" class=\"wp-image-958\" src=\"https:\/\/www.raisedbogs.ie\/wp-content\/uploads\/2017\/02\/streete2016.jpg\" width=\"486\" height=\"687\" srcset=\"https:\/\/www.raisedbogs.ie\/wp-content\/uploads\/2017\/02\/streete2016.jpg 679w, https:\/\/www.raisedbogs.ie\/wp-content\/uploads\/2017\/02\/streete2016-212x300.jpg 212w\" sizes=\"auto, (max-width: 486px) 100vw, 486px\" \/><\/a><p id=\"caption-attachment-958\" class=\"wp-caption-text\">P\u00f3staer do L\u00e1 Seanr\u00e9 na Sr\u00e1ide, 2016<\/p><\/div>\n<p>In 2015, roghna\u00edodh an Club Seanr\u00e9 chun Se\u00f3 Seanr\u00e9 na h\u00c9ireann a \u00f3st\u00e1il. Ba \u00e9 seo an dara huair le 10 mbliana a re\u00e1cht\u00e1ladh an \u00f3c\u00e1id ollmh\u00f3r anseo. B\u00edonn an gr\u00fapa gn\u00edomhach ar <a href=\"https:\/\/www.facebook.com\/streeteparishparkvintageclub.ie\/\">Facebook<\/a>. <\/p>\n\n\t\t<style type=\"text\/css\">\n\t\t\t#gallery-1 {\n\t\t\t\tmargin: auto;\n\t\t\t}\n\t\t\t#gallery-1 .gallery-item {\n\t\t\t\tfloat: left;\n\t\t\t\tmargin-top: 10px;\n\t\t\t\ttext-align: center;\n\t\t\t\twidth: 33%;\n\t\t\t}\n\t\t\t#gallery-1 img {\n\t\t\t\tborder: 2px solid #cfcfcf;\n\t\t\t}\n\t\t\t#gallery-1 .gallery-caption {\n\t\t\t\tmargin-left: 0;\n\t\t\t}\n\t\t\t\/* see gallery_shortcode() in wp-includes\/media.php *\/\n\t\t<\/style>\n\t\t<div id='gallery-1' class='gallery galleryid-3017 gallery-columns-3 gallery-size-thumbnail'><dl class='gallery-item'>\n\t\t\t<dt class='gallery-icon landscape'>\n\t\t\t\t<a href='https:\/\/www.raisedbogs.ie\/ga\/streete1-2\/'><img loading=\"lazy\" decoding=\"async\" width=\"150\" height=\"150\" src=\"https:\/\/www.raisedbogs.ie\/wp-content\/uploads\/2017\/02\/streete1-150x150.jpg\" class=\"attachment-thumbnail size-thumbnail\" alt=\"\" \/><\/a>\n\t\t\t<\/dt><\/dl><dl class='gallery-item'>\n\t\t\t<dt class='gallery-icon landscape'>\n\t\t\t\t<a href='https:\/\/www.raisedbogs.ie\/ga\/streete-vintage2-2\/'><img loading=\"lazy\" decoding=\"async\" width=\"150\" height=\"150\" src=\"https:\/\/www.raisedbogs.ie\/wp-content\/uploads\/2017\/02\/streete-vintage2-150x150.jpg\" class=\"attachment-thumbnail size-thumbnail\" alt=\"\" \/><\/a>\n\t\t\t<\/dt><\/dl><dl class='gallery-item'>\n\t\t\t<dt class='gallery-icon landscape'>\n\t\t\t\t<a href='https:\/\/www.raisedbogs.ie\/ga\/streete-vintage-2\/'><img loading=\"lazy\" decoding=\"async\" width=\"150\" height=\"150\" src=\"https:\/\/www.raisedbogs.ie\/wp-content\/uploads\/2017\/02\/streete-vintage-150x150.jpg\" class=\"attachment-thumbnail size-thumbnail\" alt=\"\" \/><\/a>\n\t\t\t<\/dt><\/dl><br style=\"clear: both\" \/>\n\t\t<\/div>\n\n<hr>\n<h2><strong>F\u00c1NAITHE BH\u00d3THAR AN CHOILL <\/strong><\/h2>\n<p><a href=\"http:\/\/www.boherquillramblers.ie\"><img loading=\"lazy\" decoding=\"async\" class=\"size-full wp-image-953 aligncenter\" src=\"https:\/\/www.raisedbogs.ie\/wp-content\/uploads\/2017\/02\/ramblers.jpg\" alt=\"\" width=\"720\" height=\"200\" srcset=\"https:\/\/www.raisedbogs.ie\/wp-content\/uploads\/2017\/02\/ramblers.jpg 720w, https:\/\/www.raisedbogs.ie\/wp-content\/uploads\/2017\/02\/ramblers-300x83.jpg 300w\" sizes=\"auto, (max-width: 720px) 100vw, 720px\" \/><\/a><\/p>\n<p>Buna\u00edodh gr\u00fapa si\u00fal\u00f3ide thuaisceart na hIarmh\u00ed in 2000 agus t\u00e1 siad ar cheann de na cinn is m\u00f3 i l\u00e1r na t\u00edre. Buaileann siad le ch\u00e9ile gach Domhnach agus b\u00edonn sceideal gn\u00f3thach si\u00fal\u00f3id\u00ed acu \u00f3 cheann ceann na bliana. Si\u00falann siad ar fud na t\u00edre, b\u00edonn f\u00e9ilte si\u00fal\u00f3ide \u00e1iti\u00fala ar si\u00fal acu agus b\u00edonn go leor d\u00e1 gcuid si\u00fal\u00f3id\u00ed ar son carthanachta, lena n-\u00e1ir\u00edtear si\u00fal\u00f3id mh\u00f3r L\u00e1 Fh\u00e9ile Stiof\u00e1in ag Foraois an Mhullaigh Mh\u00edn in aice l\u00e1imhe, an fhoraois curtha fe\u00e1 is m\u00f3 in \u00c9irinn.<\/p>\n<p>T\u00e1 an gr\u00fapa br\u00f3d\u00fail as a bhfr\u00e9amhacha i dtuaisceart na hIarmh\u00ed, agus d\u00fairt duine acu: &#8220;T\u00e1 a fhios againn go bhfuil c\u00f3na\u00ed orainn i gcuid \u00e1lainn iarg\u00falta de l\u00e1r na t\u00edre i dtuaisceart na hIarmh\u00ed, agus ba mhaith linn \u00e9 a roinnt le gr\u00fapa\u00ed at\u00e1 ar aon intinn linn, a bhaineann sult as an bhf\u00e1na\u00edocht. B&#8217;fh\u00e9idir nach bhfuil sl\u00e9ibhte ann ach t\u00e1 Portach, Abhainn, Can\u00e1il, Foraois agus go leor eile le tairiscint againn.&#8221;<\/p>\n<p>Le haghaidh tuilleadh eolais, f\u00e9ach <a href=\"http:\/\/www.boherquillramblers.ie\">Su\u00edomh Gr\u00e9as\u00e1in<\/a> Fh\u00e1naithe Bh\u00f3thar an Choill.<\/p>\n","protected":false},"excerpt":{"rendered":"<p>Baineann an leathanach seo leis na pobail timpeall ar SAC Phortach Gharascail. Is cuma m\u00e1s ball de ghr\u00fapa pobail n\u00f3 oidhreachta th\u00fa, seid na bhfear, eagra\u00edocht sp\u00f3irt n\u00f3 aon ghr\u00fapa [&hellip;]<\/p>\n","protected":false},"author":9,"featured_media":2620,"comment_status":"open","ping_status":"open","sticky":false,"template":"","format":"standard","meta":{"_acf_changed":false,"_EventAllDay":false,"_EventTimezone":"","_EventStartDate":"","_EventEndDate":"","_EventStartDateUTC":"","_EventEndDateUTC":"","_EventShowMap":false,"_EventShowMapLink":false,"_EventURL":"","_EventCost":"","_EventCostDescription":"","_EventCurrencySymbol":"","_EventCurrencyCode":"","_EventCurrencyPosition":"","_EventDateTimeSeparator":"","_EventTimeRangeSeparator":"","_EventOrganizerID":[],"_EventVenueID":[],"_OrganizerEmail":"","_OrganizerPhone":"","_OrganizerWebsite":"","_VenueAddress":"","_VenueCity":"","_VenueCountry":"","_VenueProvince":"","_VenueState":"","_VenueZip":"","_VenuePhone":"","_VenueURL":"","_VenueStateProvince":"","_VenueLat":"","_VenueLng":"","_VenueShowMap":false,"_VenueShowMapLink":false,"footnotes":""},"categories":[558],"tags":[497,560,562,561,564,563,565,559],"class_list":["post-3017","post","type-post","status-publish","format-standard","has-post-thumbnail","hentry","category-portach-ghairscil","tag-all-ireland-vintage-show-ga","tag-club-seanre-streete","tag-coimpleasc-spreete-spoirt","tag-ionad-pobail-streete","tag-pairc-pharoiste-agus-ionad-pobail-streete","tag-pairc-pharoiste-streete","tag-portach-ghairscil","tag-ramblers-boherquill"],"acf":[],"_links":{"self":[{"href":"https:\/\/www.raisedbogs.ie\/ga\/wp-json\/wp\/v2\/posts\/3017","targetHints":{"allow":["GET"]}}],"collection":[{"href":"https:\/\/www.raisedbogs.ie\/ga\/wp-json\/wp\/v2\/posts"}],"about":[{"href":"https:\/\/www.raisedbogs.ie\/ga\/wp-json\/wp\/v2\/types\/post"}],"author":[{"embeddable":true,"href":"https:\/\/www.raisedbogs.ie\/ga\/wp-json\/wp\/v2\/users\/9"}],"replies":[{"embeddable":true,"href":"https:\/\/www.raisedbogs.ie\/ga\/wp-json\/wp\/v2\/comments?post=3017"}],"version-history":[{"count":1,"href":"https:\/\/www.raisedbogs.ie\/ga\/wp-json\/wp\/v2\/posts\/3017\/revisions"}],"predecessor-version":[{"id":3367,"href":"https:\/\/www.raisedbogs.ie\/ga\/wp-json\/wp\/v2\/posts\/3017\/revisions\/3367"}],"wp:featuredmedia":[{"embeddable":true,"href":"https:\/\/www.raisedbogs.ie\/ga\/wp-json\/wp\/v2\/media\/2620"}],"wp:attachment":[{"href":"https:\/\/www.raisedbogs.ie\/ga\/wp-json\/wp\/v2\/media?parent=3017"}],"wp:term":[{"taxonomy":"category","embeddable":true,"href":"https:\/\/www.raisedbogs.ie\/ga\/wp-json\/wp\/v2\/categories?post=3017"},{"taxonomy":"post_tag","embeddable":true,"href":"https:\/\/www.raisedbogs.ie\/ga\/wp-json\/wp\/v2\/tags?post=3017"}],"curies":[{"name":"wp","href":"https:\/\/api.w.org\/{rel}","templated":true}]}}