{"id":3006,"date":"2017-02-20T10:56:48","date_gmt":"2017-02-20T10:56:48","guid":{"rendered":"https:\/\/www.raisedbogs.ie\/saol-ar-phortach-shearbhoige\/"},"modified":"2022-12-20T12:28:35","modified_gmt":"2022-12-20T12:28:35","slug":"saol-ar-phortach-shearbhoige","status":"publish","type":"post","link":"https:\/\/www.raisedbogs.ie\/ga\/saol-ar-phortach-shearbhoige\/","title":{"rendered":"Saol ar Phortach Shearbh\u00f3ige"},"content":{"rendered":"<p>T\u00e1 na speicis phlanda\u00ed shoith\u00edocha go l\u00e9ir coitianta sa ghn\u00e1th\u00f3g Ardphortach Gn\u00edomhach seo, mar shampla Fraoch <em>(Calluna vulgaris)<\/em>, Ceannbh\u00e1n <em>(Eriophorum angustifolium agus E. vaginatum)<\/em>, C\u00edb cheanngheal, Sciollam na m\u00f3na agus Gobsheisc agus t\u00e1 an speiceas a bh\u00edonn sna hardphortaigh L\u00e1r T\u00edre go minic ann \u2013 Lus na m\u00f3inte <em>(Andromeda polifolia)<\/em> agus M\u00f3n\u00f3g <em>(Vaccinium oxycoccos)<\/em>.<\/p>\n<div id=\"attachment_726\" style=\"width: 1034px\" class=\"wp-caption alignnone\"><a href=\"https:\/\/www.raisedbogs.ie\/wp-content\/uploads\/2017\/02\/IMG_7659.jpg\"><img loading=\"lazy\" decoding=\"async\" aria-describedby=\"caption-attachment-726\" class=\"wp-image-726 size-large\" src=\"https:\/\/www.raisedbogs.ie\/wp-content\/uploads\/2017\/02\/IMG_7659-1024x681.jpg\" width=\"1024\" height=\"681\" srcset=\"https:\/\/www.raisedbogs.ie\/wp-content\/uploads\/2017\/02\/IMG_7659-1024x681.jpg 1024w, https:\/\/www.raisedbogs.ie\/wp-content\/uploads\/2017\/02\/IMG_7659-300x200.jpg 300w, https:\/\/www.raisedbogs.ie\/wp-content\/uploads\/2017\/02\/IMG_7659-768x511.jpg 768w, https:\/\/www.raisedbogs.ie\/wp-content\/uploads\/2017\/02\/IMG_7659.jpg 1936w\" sizes=\"auto, (max-width: 1024px) 100vw, 1024px\" \/><\/a><p id=\"caption-attachment-726\" class=\"wp-caption-text\">T\u00e1 Dr\u00facht\u00edn m\u00f3na (Drosera rotundifolia) agus M\u00f3n\u00f3g phortaigh (Vaccinium oxycoccos), speicis at\u00e1 coitianta ar ardphortaigh L\u00e1r T\u00edre, i l\u00e1thair i Searbh\u00f3g<\/p><\/div>\n<p>T\u00e1 tul\u00f3ga agus loig Sfagnaim sa mhicreatopagrafa\u00edocht. N\u00edl m\u00f3r\u00e1n linnte ann agus t\u00e1 lagraigh cos\u00fail le faiche l\u00edonta ag Sfagnam cuspidatum gann. T\u00e1 an cl\u00fadach forioml\u00e1n Sfagnaim idir 51 agus 75%. T\u00e1 fl\u00fairse Ceannbh\u00e1in (Eriophorum vaginatum agus E. angustifolium) sna limist\u00e9ir is fliche. T\u00e1 <em>Sfagnam capillifolium, S. papillosum, S. magellanicum, S. tenellum, S. subnitens<\/em> sna tul\u00f3ga agus \u00f3 am go ch\u00e9ile b\u00edonn <em>S. fuscum<\/em> agus <em>S. austinii<\/em> ann. D&#8217;fh\u00e9adfadh <em>S. cuspidatum<\/em> agus\/n\u00f3 <em>S.tenellum<\/em> a bheith sna loig.<\/p>\n<p>C\u00e9 go mb\u00edonn an dromchla tirim go leor de ghn\u00e1th, t\u00e1 roinnt linnte beaga agus faich\u00ed ann ina bhfuil f\u00e1sra Rhynchosporion. Is fearr gn\u00e1th\u00f3g Rhynchosporion a fhorbairt ar an talamh r\u00e9itithe fairsing fliuch feadh imeall thoir limist\u00e9ar an ardphortaigh. Is iad na speicis is m\u00f3 a bh\u00edonn anseo Sfagnam cuspidatum, Gobsheisc, Ceannbh\u00e1n <em>(Eriophorum angustifolium)<\/em> agus Cail\u00eds Mhuire mh\u00f3r <em>(Drosera anglica)<\/em>. B\u00edonn an Gobsheisc neamhchoitianta ann freisin. T\u00e1 roinnt linnte ar an bportach ard a thaca\u00edonn le f\u00e1sra Rhynchosporion freisin. T\u00e1 f\u00e1sra Rhynchosporion forbartha go maith i gceantair r\u00e9itithe fhairsinge fhliucha at\u00e1 ar imeall thoir an ardphortaigh. Speicis phlanda\u00ed eile de chuid an ardphortaigh nach bhfuil chomh coitianta sin is ea Lus na m\u00f3inte, Mon\u00f3g agus Dr\u00facht\u00edn m\u00f3na <em>(Drosera rotundifolia)<\/em>.<\/p>\n<div id=\"attachment_667\" style=\"width: 917px\" class=\"wp-caption alignnone\"><a href=\"https:\/\/www.raisedbogs.ie\/wp-content\/uploads\/2017\/02\/Drosera_rotundifolia_Browns_Lake_Bog.jpg\"><img loading=\"lazy\" decoding=\"async\" aria-describedby=\"caption-attachment-667\" class=\"size-full wp-image-667\" src=\"https:\/\/www.raisedbogs.ie\/wp-content\/uploads\/2017\/02\/Drosera_rotundifolia_Browns_Lake_Bog.jpg\" alt=\"\" width=\"907\" height=\"748\" srcset=\"https:\/\/www.raisedbogs.ie\/wp-content\/uploads\/2017\/02\/Drosera_rotundifolia_Browns_Lake_Bog.jpg 907w, https:\/\/www.raisedbogs.ie\/wp-content\/uploads\/2017\/02\/Drosera_rotundifolia_Browns_Lake_Bog-300x247.jpg 300w, https:\/\/www.raisedbogs.ie\/wp-content\/uploads\/2017\/02\/Drosera_rotundifolia_Browns_Lake_Bog-768x633.jpg 768w\" sizes=\"auto, (max-width: 907px) 100vw, 907px\" \/><\/a><p id=\"caption-attachment-667\" class=\"wp-caption-text\">Dr\u00facht\u00edn m\u00f3na, n\u00f3 Drosera Rotundifolia, ceann de phlanda\u00ed feoiliteacha na h\u00c9ireann a fhaigheann a cothaithigh \u00f3 fheithid\u00ed sainnithe.<\/p><\/div>\n<p>Laistigh den chrios r\u00e9itithe feadh imeall thoir an tsu\u00edmh t\u00e1 tonnadh an\u00edos uisce bunsaibhir agus taca\u00edonn na ceantair seo anois le coillearnach Chairr agus f\u00e1sra eanach cailcreach.<\/p>\n<p>Is d\u00edol sp\u00e9ise \u00e9iceola\u00edoch \u00e9 f\u00e1sra an tseantalaimh r\u00e9itithe ar an su\u00edomh, go h\u00e1irithe ar imeall thoir an phortaigh, \u00e1it a bhfaightear eanach a fhaigheann uisce \u00f3 thobar, agus ina bhfuil a l\u00e1n speiceas ag bun iomaire aolchloiche. Meastar gur iarsma de chrios eascaigh i bhfad n\u00edos fairsinge \u00e9 an f\u00e1sra eanaigh seo, a bh\u00ed ar an taobh thoir ar fad den phortach tr\u00e1th <em>(Conaghan 1998)<\/em>.<\/p>\n<p>T\u00e1 an ghn\u00e9 seo de cheantar eascaigh at\u00e1 saibhir sa bhunsraith, c\u00f3ngarach don phortach ard, uath\u00fail i gcomhth\u00e9acs ardphortaigh \u00c9ireannacha (Kelly <em>et al.<\/em> 1995). 1995). Rinne Conaghan (2014) cur s\u00edos le d\u00e9ana\u00ed ar fh\u00e1sra an eascaigh thoir. Is f\u00e9idir an t-eascach a roinnt ina dh\u00e1 chuid, crios thuaidh agus crios theas. Is portach r\u00e9itithe den chuid is m\u00f3 \u00e9 an ceantar \u00f3 thuaidh ina bhfuil tionchair ombratr\u00f3fach. T\u00e1 an dromchla r\u00e9as\u00fanta tirim sa cheantar seo agus tarla\u00edonn beag\u00e1n creimeadh scrobarna\u00ed (Conaghan 2014). I gcodarsnacht leis sin, b\u00edonn tionchar suntasach mianratr\u00f3fach ag an gcrios theas agus t\u00e1 ceantair Schoenus nigricans agus f\u00e1sra eanaigh coitianta \u00e1it a bhfuil bunsraith shaibhir. Baineann na limist\u00e9ir eanaigh le linnte agus b\u00edonn siad i measc\u00e1n de choillearna\u00ed, scrobarnach, agus portach r\u00e9itithe. Idir agus istigh sna ceantair eanaigh agus sa chla\u00edfort iarnr\u00f3id ar an taobh thoir, t\u00e1 str\u00e1ice c\u00fang de charr fearn\u00f3ige. Ba \u00e9 concl\u00faid an tsuirbh\u00e9 a rinneadh le d\u00e9ana\u00ed ar chrios eanaigh an oirthir n\u00e1r athraigh an f\u00e1sra sa cheantar seo m\u00f3r\u00e1n le linn thr\u00e9imhse 1997-2013 <em>(Conaghan 2014)<\/em>.<\/p>\n<p>T\u00e1 ceantair d&#8217;fh\u00e1sra eanaigh fliuch mar seo an-annamh sa t\u00edr agus t\u00e1 an c\u00f3ras eanaigh i Searbh\u00f3g ar cheann de na ceantair is fearr forbartha sa t\u00edr. Th\u00e1ngthas ar an speiceas planda\u00ed leath-uisceach neamhchoitianta Ceannbh\u00e1n Caol <em>(Eriophorum gracile)<\/em> le d\u00e9ana\u00ed ag f\u00e1s i bhf\u00e1sra eanaigh sa su\u00edomh seo. Cosna\u00edtear an speiceas seo go dl\u00edthi\u00fail faoin Ord\u00fa um Fl\u00f3ra (Cosaint), 2015.<\/p>\n<div id=\"attachment_876\" style=\"width: 410px\" class=\"wp-caption alignnone\"><a href=\"https:\/\/www.raisedbogs.ie\/wp-content\/uploads\/2017\/02\/eriophorum_gracile2.jpg\"><img loading=\"lazy\" decoding=\"async\" aria-describedby=\"caption-attachment-876\" class=\"size-full wp-image-876\" src=\"https:\/\/www.raisedbogs.ie\/wp-content\/uploads\/2017\/02\/eriophorum_gracile2.jpg\" alt=\"\" width=\"400\" height=\"412\" srcset=\"https:\/\/www.raisedbogs.ie\/wp-content\/uploads\/2017\/02\/eriophorum_gracile2.jpg 400w, https:\/\/www.raisedbogs.ie\/wp-content\/uploads\/2017\/02\/eriophorum_gracile2-291x300.jpg 291w\" sizes=\"auto, (max-width: 400px) 100vw, 400px\" \/><\/a><p id=\"caption-attachment-876\" class=\"wp-caption-text\">Ceannbh\u00e1n Caol (Eriophorum gracile) \u2013 a aims\u00edodh i Searbh\u00f3g<\/p><\/div>\n<p>B\u00edonn an tor neamhchoitianta n\u00e1isi\u00fanta Draighean Fearna <em>(Frangula alnus)<\/em>, speiceas at\u00e1 sa Leabhar Sonra\u00ed Dearg, i gcoillearnach phortaigh thirim ar thalamh r\u00e9itithe. Ar an taobh thiar den su\u00edomh, athra\u00edonn an f\u00e1sra \u00f3n bportach ard, tr\u00ed imill choillearnacha, go f\u00e9arthalamh fliuch gl\u00e1rach ag an mBrosnach Bheag.<\/p>\n<p><strong id=\"fauna\">F\u00e1na Phortach Shearbh\u00f3ige<\/strong><br \/>\nIs eol go mb\u00edonn an frog coiteann <em>(Rana temporaria)<\/em> anseo. Tuairisc\u00edtear giorria sl\u00e9ibhe \u00c9ireannach <em>(Lepus timidus hibernicus)<\/em> go minic chomh maith, agus fuarthas broc <em>(Meles meles)<\/em>, sionnach <em>(vulpes vulpes)<\/em>, madra uisce <em>(Lutra lutra)<\/em>, cat crainn <em>(Martes martes)<\/em>, minc <em>(Mustela vison)<\/em>, eas\u00f3g <em>(Mustela erminea)<\/em> agus fia bu\u00ed <em>(Dama dama)<\/em> freisin sa SAC (NPWS, 2004).<\/p>\n<p>Tuairisc\u00edodh go raibh naoscach <em>(Gallinago gallinago)<\/em>, pias\u00fan <em>(Phasianus colchicus)<\/em>, crotach <em>(Numenius arquata)<\/em>, creabhar <em>(Scolopax rusticola)<\/em>, riabh\u00f3g mh\u00f3na <em>(Anthus pratensis)<\/em>, fuiseog <em>(Alauda arvensis)<\/em> agus mallard <em>(Anas platyrhynchos)<\/em> ag s\u00edolr\u00fa ar an bportach.<\/p>\n<div id=\"attachment_800\" style=\"width: 1034px\" class=\"wp-caption alignnone\"><a href=\"https:\/\/www.raisedbogs.ie\/wp-content\/uploads\/2017\/02\/Meadow-Pipit-ThereseKelly-Clara-2016-5crop.jpg\"><img loading=\"lazy\" decoding=\"async\" aria-describedby=\"caption-attachment-800\" class=\"size-large wp-image-800\" src=\"https:\/\/www.raisedbogs.ie\/wp-content\/uploads\/2017\/02\/Meadow-Pipit-ThereseKelly-Clara-2016-5crop-1024x986.jpg\" alt=\"\" width=\"1024\" height=\"986\" srcset=\"https:\/\/www.raisedbogs.ie\/wp-content\/uploads\/2017\/02\/Meadow-Pipit-ThereseKelly-Clara-2016-5crop-1024x986.jpg 1024w, https:\/\/www.raisedbogs.ie\/wp-content\/uploads\/2017\/02\/Meadow-Pipit-ThereseKelly-Clara-2016-5crop-300x289.jpg 300w, https:\/\/www.raisedbogs.ie\/wp-content\/uploads\/2017\/02\/Meadow-Pipit-ThereseKelly-Clara-2016-5crop-768x740.jpg 768w, https:\/\/www.raisedbogs.ie\/wp-content\/uploads\/2017\/02\/Meadow-Pipit-ThereseKelly-Clara-2016-5crop.jpg 1309w\" sizes=\"auto, (max-width: 1024px) 100vw, 1024px\" \/><\/a><p id=\"caption-attachment-800\" class=\"wp-caption-text\">Riabh\u00f3g Mh\u00f3na &#8211; le f\u00e1il ar an gcuid is m\u00f3 d\u00e1r 12 shu\u00edomh, lena n-\u00e1ir\u00edtear Searbh\u00f3g (pic: Therese Kelly)<\/p><\/div>\n<p>I measc na n-\u00e9an eile a bh\u00edonn ar an SAC go minic t\u00e1 spior\u00f3g <em>(Accipiter nisus)<\/em>, pocaire gaoithe <em>(Falco tinnunculus)<\/em>, t\u00e9al <em>(Anas crecca)<\/em>, ceann cait <em>(Asio otus)<\/em>, scr\u00e9ach\u00f3g reilige <em>(Tyto alba)<\/em> agus corr r\u00e9isc <em>(Ardea cinerea)<\/em> (NPWS 2004).<\/p>\n<p>Rinneadh taighde ar fh\u00e1na dhamh\u00e1n alla Shearbh\u00f3ige le d\u00e9ana\u00ed <em>(Myles Nolan)<\/em> agus fuarthas amach go raibh c\u00faig speiceas neamhchoitianta damh\u00e1n alla ar Phortach Shearbh\u00f3ige:<\/p>\n<div id=\"attachment_878\" style=\"width: 410px\" class=\"wp-caption alignnone\"><a href=\"https:\/\/www.raisedbogs.ie\/wp-content\/uploads\/2017\/02\/hypsosingaalbovittata02.jpg\"><img loading=\"lazy\" decoding=\"async\" aria-describedby=\"caption-attachment-878\" class=\" wp-image-878\" src=\"https:\/\/www.raisedbogs.ie\/wp-content\/uploads\/2017\/02\/hypsosingaalbovittata02.jpg\" alt=\"\" width=\"400\" height=\"300\" srcset=\"https:\/\/www.raisedbogs.ie\/wp-content\/uploads\/2017\/02\/hypsosingaalbovittata02.jpg 400w, https:\/\/www.raisedbogs.ie\/wp-content\/uploads\/2017\/02\/hypsosingaalbovittata02-300x225.jpg 300w\" sizes=\"auto, (max-width: 400px) 100vw, 400px\" \/><\/a><p id=\"caption-attachment-878\" class=\"wp-caption-text\">Damh\u00e1n alla an l\u00edn chruinneogaigh &#8211; Hypsosinga albovittata<\/p><\/div>\n<p><strong>Hypsosinga albovittata<\/strong> &#8211; Casann an damh\u00e1n alla seo, a aithn\u00edtear go simpl\u00ed, a l\u00edonta cruinneogacha \u00edseal s\u00edos, n\u00edos l\u00fa n\u00e1 20cm os cionn leibh\u00e9al na tal\u00fan (Jones 1983), agus b\u00edonn s\u00e9 ar fhraoch de ghn\u00e1th.<\/p>\n<div id=\"attachment_879\" style=\"width: 410px\" class=\"wp-caption alignnone\"><a href=\"https:\/\/www.raisedbogs.ie\/wp-content\/uploads\/2017\/02\/Minicia_marginella.jpg\"><img loading=\"lazy\" decoding=\"async\" aria-describedby=\"caption-attachment-879\" class=\" wp-image-879\" src=\"https:\/\/www.raisedbogs.ie\/wp-content\/uploads\/2017\/02\/Minicia_marginella.jpg\" alt=\"\" width=\"400\" height=\"266\" srcset=\"https:\/\/www.raisedbogs.ie\/wp-content\/uploads\/2017\/02\/Minicia_marginella.jpg 800w, https:\/\/www.raisedbogs.ie\/wp-content\/uploads\/2017\/02\/Minicia_marginella-300x200.jpg 300w, https:\/\/www.raisedbogs.ie\/wp-content\/uploads\/2017\/02\/Minicia_marginella-768x512.jpg 768w\" sizes=\"auto, (max-width: 400px) 100vw, 400px\" \/><\/a><p id=\"caption-attachment-879\" class=\"wp-caption-text\">Minicia Marginella &#8211; an-annamh sa R\u00edocht Aontaithe agus in \u00c9irinn<\/p><\/div>\n<p><strong>Minicia marginella &#8211;<\/strong>taifeadadh \u00e9 c\u00fapla uair in \u00c9irinn ach den chuid is m\u00f3, is sa R\u00edocht Aontaithe a thaifeadtar \u00e9.<\/p>\n<p><strong>Satilatlas britteni<\/strong> \u2013 n\u00edl ach 10 dtaifead in \u00c9irinn de r\u00e9ir <a href=\"http:\/\/maps.biodiversityireland.ie\/#\/DataSet\/96\/SpeciesGroup\/137\/Species\/182793\">Ionad N\u00e1isi\u00fanta le Sonra\u00ed Bith\u00e9ags\u00falachta.<\/a><\/p>\n<div id=\"attachment_880\" style=\"width: 410px\" class=\"wp-caption alignleft\"><a href=\"https:\/\/www.raisedbogs.ie\/wp-content\/uploads\/2017\/02\/Simitidion_simile_8_1024.jpg\"><img loading=\"lazy\" decoding=\"async\" aria-describedby=\"caption-attachment-880\" class=\"wp-image-880\" src=\"https:\/\/www.raisedbogs.ie\/wp-content\/uploads\/2017\/02\/Simitidion_simile_8_1024.jpg\" width=\"400\" height=\"337\" srcset=\"https:\/\/www.raisedbogs.ie\/wp-content\/uploads\/2017\/02\/Simitidion_simile_8_1024.jpg 593w, https:\/\/www.raisedbogs.ie\/wp-content\/uploads\/2017\/02\/Simitidion_simile_8_1024-300x253.jpg 300w\" sizes=\"auto, (max-width: 400px) 100vw, 400px\" \/><\/a><p id=\"caption-attachment-880\" class=\"wp-caption-text\">Simitidion Simile \u2013 damh\u00e1n alla c\u00edorchosach<\/p><\/div>\n<p><strong>Simitidion Simile &#8211; <\/strong>neamhchoitianta go leor<\/p>\n<div id=\"attachment_881\" style=\"width: 411px\" class=\"wp-caption alignleft\"><a href=\"https:\/\/www.raisedbogs.ie\/wp-content\/uploads\/2017\/02\/Walckenaeria_alticeps_han_2283.jpg\"><img loading=\"lazy\" decoding=\"async\" aria-describedby=\"caption-attachment-881\" class=\"wp-image-881\" src=\"https:\/\/www.raisedbogs.ie\/wp-content\/uploads\/2017\/02\/Walckenaeria_alticeps_han_2283-1024x682.jpg\" width=\"401\" height=\"267\" srcset=\"https:\/\/www.raisedbogs.ie\/wp-content\/uploads\/2017\/02\/Walckenaeria_alticeps_han_2283-1024x682.jpg 1024w, https:\/\/www.raisedbogs.ie\/wp-content\/uploads\/2017\/02\/Walckenaeria_alticeps_han_2283-300x200.jpg 300w, https:\/\/www.raisedbogs.ie\/wp-content\/uploads\/2017\/02\/Walckenaeria_alticeps_han_2283-768x512.jpg 768w, https:\/\/www.raisedbogs.ie\/wp-content\/uploads\/2017\/02\/Walckenaeria_alticeps_han_2283.jpg 1220w\" sizes=\"auto, (max-width: 401px) 100vw, 401px\" \/><\/a><p id=\"caption-attachment-881\" class=\"wp-caption-text\">Is bre\u00e1 leis an Walckenaeria Alticeps Sfagnam<\/p><\/div>\n<p><strong>Walckenaeria alticeps<\/strong> &#8211; ball an-neamhchoitianta d\u2019fhine Linyphiidae ar bre\u00e1 leis portaigh agus Sfagnam.<br \/>\nThuairiscigh Moorkens (1998) ar fh\u00e1na moilisc an SAC, tuairisc le lean\u00faint.<\/p>\n","protected":false},"excerpt":{"rendered":"<p>T\u00e1 na speicis phlanda\u00ed shoith\u00edocha go l\u00e9ir coitianta sa ghn\u00e1th\u00f3g Ardphortach Gn\u00edomhach seo, mar shampla Fraoch (Calluna vulgaris), Ceannbh\u00e1n (Eriophorum angustifolium agus E. vaginatum), C\u00edb cheanngheal, Sciollam na m\u00f3na agus [&hellip;]<\/p>\n","protected":false},"author":9,"featured_media":2555,"comment_status":"open","ping_status":"open","sticky":false,"template":"","format":"standard","meta":{"_acf_changed":false,"_EventAllDay":false,"_EventTimezone":"","_EventStartDate":"","_EventEndDate":"","_EventStartDateUTC":"","_EventEndDateUTC":"","_EventShowMap":false,"_EventShowMapLink":false,"_EventURL":"","_EventCost":"","_EventCostDescription":"","_EventCurrencySymbol":"","_EventCurrencyCode":"","_EventCurrencyPosition":"","_EventDateTimeSeparator":"","_EventTimeRangeSeparator":"","_EventOrganizerID":[],"_EventVenueID":[],"_OrganizerEmail":"","_OrganizerPhone":"","_OrganizerWebsite":"","_VenueAddress":"","_VenueCity":"","_VenueCountry":"","_VenueProvince":"","_VenueState":"","_VenueZip":"","_VenuePhone":"","_VenueURL":"","_VenueStateProvince":"","_VenueLat":"","_VenueLng":"","_VenueShowMap":false,"_VenueShowMapLink":false,"footnotes":""},"categories":[475],"tags":[521,522],"class_list":["post-3006","post","type-post","status-publish","format-standard","has-post-thumbnail","hentry","category-portach-shearbhoige","tag-fiadhulra-ar-sac-phortach-na-searbhog","tag-flora-fauna-sharavogue-portach"],"acf":[],"_links":{"self":[{"href":"https:\/\/www.raisedbogs.ie\/ga\/wp-json\/wp\/v2\/posts\/3006","targetHints":{"allow":["GET"]}}],"collection":[{"href":"https:\/\/www.raisedbogs.ie\/ga\/wp-json\/wp\/v2\/posts"}],"about":[{"href":"https:\/\/www.raisedbogs.ie\/ga\/wp-json\/wp\/v2\/types\/post"}],"author":[{"embeddable":true,"href":"https:\/\/www.raisedbogs.ie\/ga\/wp-json\/wp\/v2\/users\/9"}],"replies":[{"embeddable":true,"href":"https:\/\/www.raisedbogs.ie\/ga\/wp-json\/wp\/v2\/comments?post=3006"}],"version-history":[{"count":1,"href":"https:\/\/www.raisedbogs.ie\/ga\/wp-json\/wp\/v2\/posts\/3006\/revisions"}],"predecessor-version":[{"id":3337,"href":"https:\/\/www.raisedbogs.ie\/ga\/wp-json\/wp\/v2\/posts\/3006\/revisions\/3337"}],"wp:featuredmedia":[{"embeddable":true,"href":"https:\/\/www.raisedbogs.ie\/ga\/wp-json\/wp\/v2\/media\/2555"}],"wp:attachment":[{"href":"https:\/\/www.raisedbogs.ie\/ga\/wp-json\/wp\/v2\/media?parent=3006"}],"wp:term":[{"taxonomy":"category","embeddable":true,"href":"https:\/\/www.raisedbogs.ie\/ga\/wp-json\/wp\/v2\/categories?post=3006"},{"taxonomy":"post_tag","embeddable":true,"href":"https:\/\/www.raisedbogs.ie\/ga\/wp-json\/wp\/v2\/tags?post=3006"}],"curies":[{"name":"wp","href":"https:\/\/api.w.org\/{rel}","templated":true}]}}