{"id":3001,"date":"2017-02-20T11:26:40","date_gmt":"2017-02-20T11:26:40","guid":{"rendered":"https:\/\/www.raisedbogs.ie\/cuairt-a-thabhairt\/"},"modified":"2022-12-21T13:44:52","modified_gmt":"2022-12-21T13:44:52","slug":"cuairt-a-thabhairt","status":"publish","type":"post","link":"https:\/\/www.raisedbogs.ie\/ga\/cuairt-a-thabhairt\/","title":{"rendered":"Cuairt a thabhairt"},"content":{"rendered":"<p>Faoi l\u00e1thair n\u00edl aon \u00e1iseanna do chuairteoir\u00ed ag SAC Phortach Shearbh\u00f3ige. T\u00e1 an chuid is m\u00f3 den phortach faoi \u00fain\u00e9ireacht phr\u00edobh\u00e1ideach agus mar sin n\u00ed thugtar comhairle, spreagadh n\u00e1 cead do chuairteanna gan mhaoirseacht.<\/p>\n<p>T\u00e1 an portach fliuch agus cont\u00fairteach, is carn m\u00f3r m\u00f3na a bh\u00edonn ag bogadh \u00e9 agus t\u00e1 s\u00e9 l\u00e1n de linnte portaigh agus faich\u00ed Sfagnam at\u00e1 domhain agus a chuirfeadh dallamull\u00f3g ar dhuine.<\/p>\n<p>Re\u00e1cht\u00e1lfaidh an tionscadal LIFE laethanta oscailte ar Shearbh\u00f3g thar thr\u00e9imhse an tionscadail, agus beidh imeachta\u00ed pobail \u00e1iti\u00fala agus turais threoraithe ar si\u00fal ar an bportach go luath.<\/p>\n<p><a href=\"https:\/\/www.raisedbogs.ie\/wp-content\/uploads\/2017\/02\/Sharavogue-land-meets-bog-1.jpg\"><img loading=\"lazy\" decoding=\"async\" class=\"aligncenter size-full wp-image-2006\" src=\"https:\/\/www.raisedbogs.ie\/wp-content\/uploads\/2017\/02\/Sharavogue-land-meets-bog-1.jpg\" alt=\"\" width=\"800\" height=\"533\" srcset=\"https:\/\/www.raisedbogs.ie\/wp-content\/uploads\/2017\/02\/Sharavogue-land-meets-bog-1.jpg 800w, https:\/\/www.raisedbogs.ie\/wp-content\/uploads\/2017\/02\/Sharavogue-land-meets-bog-1-300x200.jpg 300w, https:\/\/www.raisedbogs.ie\/wp-content\/uploads\/2017\/02\/Sharavogue-land-meets-bog-1-768x512.jpg 768w\" sizes=\"auto, (max-width: 800px) 100vw, 800px\" \/><\/a><\/p>\n<p>Cuirfear eolas f\u00fathu seo ar f\u00e1il anseo, ar leathanach na n-imeachta\u00ed agus ar Leathanach Go h\u00c1iti\u00fail agus sa Phobal. Is f\u00e9idir f\u00e9achaint ar aon imeachta\u00ed ar Phortach Shearbh\u00f3ige agus ar \u00e1r su\u00edomhanna tionscadail eile tr\u00edn\u00e1r me\u00e1in sh\u00f3isialta a lean\u00faint agus \u2018is maith\u2019 a thabhairt. D\u00e9antar leathanach <a href=\"http:\/\/www.facebook.com\/LIFEraisedbogs\">Facebook<\/a> an Phortaigh Bheo a nuashonr\u00fa gach l\u00e1, chomh maith le leathanach <a href=\"http:\/\/www.twitter.com\/LIFEraisedbogs\">TWITTER<\/a> an tionscadail.<\/p>\n<p>M\u00e1s mian leat cuairt a thabhairt ar Phortach Shearbh\u00f3ige chun cr\u00edocha taighde, is f\u00e9idir leat teagmh\u00e1il a dh\u00e9anamh leis an NPWS tr\u00ed www.npws.ie<\/p>\n<p>T\u00e1 neart le d\u00e9anamh agus neart le feice\u00e1il sa cheantar gar do Phortach Shearbh\u00f3ige, agus t\u00e1 seoid iontach achar gearr ar shi\u00fal \u2013 is \u00e9 sin Biorra.<\/p>\n<h1>BIORRA<\/h1>\n<p>Baile an Phears\u00fain a thugta\u00ed air roimhe seo, t\u00e1 Biorra ar cheann de na bailte is stairi\u00fala agus is gleoite in \u00c9irinn \u2013 is seoid i l\u00e1r na t\u00edre \u00e9 \u2013 agus is fi\u00fa go m\u00f3r cuairt a thabhairt air.<\/p>\n<p><img loading=\"lazy\" decoding=\"async\" class=\"aligncenter size-full wp-image-1625\" src=\"https:\/\/www.raisedbogs.ie\/wp-content\/uploads\/2017\/02\/Birr-Town.jpg\" alt=\"\" width=\"570\" height=\"300\" srcset=\"https:\/\/www.raisedbogs.ie\/wp-content\/uploads\/2017\/02\/Birr-Town.jpg 570w, https:\/\/www.raisedbogs.ie\/wp-content\/uploads\/2017\/02\/Birr-Town-300x158.jpg 300w\" sizes=\"auto, (max-width: 570px) 100vw, 570px\" \/><\/p>\n<p>Is Baile Oidhreachta ainmnithe \u00e9 Biorra agus t\u00e1 oidhreacht Sheoirseach at\u00e1 caomhnaithe go c\u00faramach aige, ar shr\u00e1ideanna leathana agus ar fhoirgnimh ghal\u00e1nta. Is \u00e1it iontach \u00e9 chun camchuairt a thabhairt ar l\u00e1r na t\u00edre, agus t\u00e1 gach rud ann &#8211; Caisle\u00e1n Bhiorra, Leiviatan Bhaile an Phears\u00fain (teileasc\u00f3p r\u00e9alteola\u00edoch \u2013 an ceann is m\u00f3 ar domhan ag staid amh\u00e1in), Muilte Seoirseacha, teach na mBocht, na p\u00e1irceanna feadh na Camchuairte agus \u00e9 in ioma\u00edocht leis an mbaile. Imr\u00edodh c\u00e9ad Chluiche Ceannais Iom\u00e1na na h\u00c9ireann i bP\u00e1irc Hoare i mBiorra (san \u00e1it a bhfuil Tesco anois) in 1888 idir Tiobraid \u00c1rann agus Gaillimh.<\/p>\n<h2>Gaird\u00edn\u00ed agus Ionad Eola\u00edochta Chaisle\u00e1n Bhiorra<\/h2>\n<p>T\u00e1 Caisle\u00e1n Bhiorra anois ar cheann de na nithe is d\u00edol sp\u00e9ise d&#8217;\u00c9irinn le blianta beaga anuas. Is \u00e1it \u00e9 Gaird\u00edn\u00ed Chaisle\u00e1n Bhiorra agus a Ionad Eola\u00edochta, ina bhfuil an stair, an d\u00falra agus an eola\u00edocht le ch\u00e9ile.<\/p>\n<p><a href=\"http:\/\/birrcastle.com\/\" target=\"_blank\" rel=\"noopener noreferrer\"><img loading=\"lazy\" decoding=\"async\" class=\"aligncenter wp-image-1626 size-large\" src=\"https:\/\/www.raisedbogs.ie\/wp-content\/uploads\/2017\/02\/birrcastle-1500x430-1024x293.jpg\" alt=\"\" width=\"1024\" height=\"293\" srcset=\"https:\/\/www.raisedbogs.ie\/wp-content\/uploads\/2017\/02\/birrcastle-1500x430-1024x293.jpg 1024w, https:\/\/www.raisedbogs.ie\/wp-content\/uploads\/2017\/02\/birrcastle-1500x430-300x86.jpg 300w, https:\/\/www.raisedbogs.ie\/wp-content\/uploads\/2017\/02\/birrcastle-1500x430-768x220.jpg 768w, https:\/\/www.raisedbogs.ie\/wp-content\/uploads\/2017\/02\/birrcastle-1500x430.jpg 1030w\" sizes=\"auto, (max-width: 1024px) 100vw, 1024px\" \/><\/a><\/p>\n<p>Tabhair neart ama duit f\u00e9in f\u00e9achaint ar Ghaird\u00edn\u00ed iontacha Chaisle\u00e1n Bhiorra agus a Ionad Eola\u00edochta f\u00edorsp\u00e9isi\u00fail. Le blianta fada t\u00e1 cuireadh tugtha ag muintir Parsons don phobal ceann de na h\u00e1iteanna is neamhghn\u00e1cha in \u00c9irinn a fheice\u00e1il. Crutha\u00edodh thar na gl\u00fanta \u00e9 agus is taiscead\u00e1n todhcha\u00ed comhshaoil agus eola\u00edochta \u00e9, agus m\u00e1 t\u00e1 t\u00fa ar thuras &#8216;Sean-Oirthear na h\u00c9ireann&#8217;, is \u00e1it \u00ed nach f\u00e9idir a chailleadh.<\/p>\n<p>Beag beann ar an am den bhliain a dtugann t\u00fa cuairt air, n\u00ed chuirfidh na gaird\u00edn\u00ed, a bhuaigh duaiseanna lena bplanda\u00ed neamhchoitianta, d\u00edom\u00e1 ort. T\u00e1 fl\u00fairse planda\u00ed neamhchoitianta sna gaird\u00edn\u00ed, a bhailigh Iarla\u00ed Rois agus iad ag taisteal ar fud an domhain le 150 bliain anuas. Laistigh de na 50 heicte\u00e1r t\u00fa na f\u00e1lta bosca is airde ar domhan, os cionn 40 crann champion, os cionn 2000 speiceas planda\u00ed chomh maith le haibhneacha, loch agus easanna.<\/p>\n<p>San Ionad Eola\u00edochta, t\u00e9ann t\u00fa siar go dt\u00ed an t-am a raibh Caisle\u00e1n Bhiorra ina mhol fionnachtana agus nu\u00e1la\u00edochta eola\u00edochta, bh\u00ed an tr\u00ed\u00fa hIarla ag t\u00f3g\u00e1il an teileasc\u00f3ip mh\u00f3ir agus bh\u00ed a bhean Mary ag cleachtadh a cuid grianghrafad\u00f3ireachta. N\u00edos d\u00e9ana\u00ed, bh\u00ed a mac Charles Parsons ag cruth\u00fa an tuirb\u00edn gaile, a d&#8217;athraigh an loingseoireacht agus crutha\u00edodh an scairdinneall. Nochtann an t-ionad idirghn\u00edomhach iontais na luathghrianghrafad\u00f3ireachta, na hinnealt\u00f3ireachta agus na r\u00e9alteola\u00edochta le b\u00e9im ar leith ar dhearadh agus ar chur le ch\u00e9ile iontach an Teileasc\u00f3ip Mh\u00f3ir a bhfuil c\u00e1il dhomhanda air.<\/p>\n<div id=\"attachment_1627\" style=\"width: 685px\" class=\"wp-caption aligncenter\"><a href=\"http:\/\/birrcastle.com\/\" target=\"_blank\" rel=\"noopener noreferrer\"><img loading=\"lazy\" decoding=\"async\" aria-describedby=\"caption-attachment-1627\" class=\"wp-image-1627 size-full\" src=\"https:\/\/www.raisedbogs.ie\/wp-content\/uploads\/2017\/02\/Birr-Castle-Observatory.jpg\" alt=\"\" width=\"675\" height=\"407\" srcset=\"https:\/\/www.raisedbogs.ie\/wp-content\/uploads\/2017\/02\/Birr-Castle-Observatory.jpg 675w, https:\/\/www.raisedbogs.ie\/wp-content\/uploads\/2017\/02\/Birr-Castle-Observatory-300x181.jpg 300w\" sizes=\"auto, (max-width: 675px) 100vw, 675px\" \/><\/a><p id=\"caption-attachment-1627\" class=\"wp-caption-text\">An Teileasc\u00f3p M\u00f3r i gCaisle\u00e1n Bhiorra<\/p><\/div>\n<p>An Teileasc\u00f3p M\u00f3r, a dhear agus a th\u00f3g an tr\u00ed\u00fa hIarla Rois go luath sna 1840\u00ed, ba \u00e9 an teileasc\u00f3p ba mh\u00f3 ar domhan \u00e9. Leis an teileasc\u00f3p seo, d&#8217;aimsigh s\u00e9 n\u00e1d\u00far b\u00edseach cuid de na r\u00e9altra\u00ed, agus \u00f3 1845-1914, b&#8217;\u00e9igean d&#8217;aon duine a bh\u00ed ag iarraidh an feinim\u00e9an seo a fheice\u00e1il teacht go Biorra. T\u00e1 an &#8216;leviathan&#8217; seo mar a thugtar air, f\u00f3s i l\u00e1r na Dim\u00e9ine agus is \u00e9 seo an t-iontas eola\u00edochta is m\u00f3 in \u00c9irinn agus seasann s\u00e9 do sh\u00e1rshaothar agus s\u00e1rbhua cruthaitheach an duine \u2013 n\u00ed f\u00e9idir \u00e9 a chailleadh!<\/p>\n<p>Ar nd\u00f3igh, is bre\u00e1 le p\u00e1ist\u00ed an Caisle\u00e1n freisin. N\u00ed bheidh le d\u00e9anamh ag na ridir\u00ed agus na banphrionsa\u00ed at\u00e1 ag teacht faoi i gcrann iad f\u00e9in a chailleadh i ndomhan samhla\u00edochta i Limist\u00e9ar Eachtra\u00edochta an T\u00ed Chrainn. Sa chl\u00f3s s\u00fagartha t\u00e1 an teach crainn is m\u00f3 in \u00c9irinn ann chomh maith le preabphili\u00far, clais ghainimh agus both\u00e1n. Agus na p\u00e1ist\u00ed gn\u00f3thach i limist\u00e9ar eachtra\u00edochta an t\u00ed chrainn, is f\u00e9idir leat cup\u00e1n caife a fh\u00e1il agus si\u00fal timpeall ar an siopa bronntanais!<\/p>\n<div id=\"attachment_1628\" style=\"width: 695px\" class=\"wp-caption aligncenter\"><img loading=\"lazy\" decoding=\"async\" aria-describedby=\"caption-attachment-1628\" class=\"size-full wp-image-1628\" src=\"https:\/\/www.raisedbogs.ie\/wp-content\/uploads\/2017\/02\/treehouse5.jpg\" alt=\"\" width=\"685\" height=\"480\" srcset=\"https:\/\/www.raisedbogs.ie\/wp-content\/uploads\/2017\/02\/treehouse5.jpg 685w, https:\/\/www.raisedbogs.ie\/wp-content\/uploads\/2017\/02\/treehouse5-300x210.jpg 300w\" sizes=\"auto, (max-width: 685px) 100vw, 685px\" \/><p id=\"caption-attachment-1628\" class=\"wp-caption-text\">Limist\u00e9ar Eachtra\u00edochta Theach Crainn Chaisle\u00e1n Bhiorra<\/p><\/div>\n<h2>Seachtain Seanr\u00e9 Bhiorra<\/h2>\n<p>I m\u00ed I\u00fail\/t\u00fas mh\u00ed L\u00fanasa b\u00edonn beocht sa bhaile agus muid ag ceili\u00faradh an chomhshaoil le Seachtain Seanr\u00e9 Bhiorra a bhfuil an-rath air, ceann de mh\u00f3rfh\u00e9ilte bhailte na h\u00c9ireann. Beidh 2018 ar an 50\u00fa bliain den Fh\u00e9ile agus beidh an ceili\u00faradh at\u00e1 beartaithe don chom\u00f3radh 50 bliain go hiontach!<\/p>\n<p><a href=\"http:\/\/www.birrvintageweek.com\/\" target=\"_blank\" rel=\"noopener noreferrer\"><img loading=\"lazy\" decoding=\"async\" class=\"aligncenter wp-image-1629 size-full\" src=\"https:\/\/www.raisedbogs.ie\/wp-content\/uploads\/2017\/02\/birr-vintage-week-arts-festival.jpg\" alt=\"\" width=\"600\" height=\"250\" srcset=\"https:\/\/www.raisedbogs.ie\/wp-content\/uploads\/2017\/02\/birr-vintage-week-arts-festival.jpg 600w, https:\/\/www.raisedbogs.ie\/wp-content\/uploads\/2017\/02\/birr-vintage-week-arts-festival-300x125.jpg 300w\" sizes=\"auto, (max-width: 600px) 100vw, 600px\" \/><\/a><\/p>\n<p>Chun tuilleadh eolais a fh\u00e1il, f\u00e9ach ar:<\/p>\n<p><a href=\"https:\/\/www.facebook.com\/BirrVintageArts\/\" target=\"_blank\" rel=\"noopener noreferrer\">BIRR VINTAGE WEEK AND ARTS FESTIVAL<\/a><br \/>\n<a href=\"http:\/\/www.birrhistsoc.com\/\" target=\"_blank\" rel=\"noopener noreferrer\">BIRR HISTORICAL SOCIETY<\/a><br \/>\n<a href=\"http:\/\/www.birrcastle.com\/\" target=\"_blank\" rel=\"noopener noreferrer\">BIRR CASTLE<\/a><br \/>\n<a href=\"https:\/\/www.facebook.com\/BirrTheatreandArtsCentre\/\" target=\"_blank\" rel=\"noopener noreferrer\">BIRR THEATRE &amp; ARTS CENTRE<\/a><br \/>\n<a href=\"https:\/\/birrphotogroup.wordpress.com\/\" target=\"_blank\" rel=\"noopener noreferrer\">BIRR PHOTOGRAPHY GROUP<\/a><\/p>\n<p>T\u00e1 su\u00edomh gr\u00e9as\u00e1in fairsing ag Comhairle Contae U\u00edbh Fhail\u00ed <a href=\"http:\/\/www.offaly.ie\/eng\/Services\/Heritage\/\" target=\"_blank\" rel=\"noopener noreferrer\">www.offaly.ie<\/a> a dh\u00e9anann cl\u00fadach iontach ar <a href=\"http:\/\/www.offaly.ie\/eng\/Services\/Arts_and_Culture\/\" target=\"_blank\" rel=\"noopener noreferrer\">Oidhreacht agus Eala\u00edn agus Cult\u00far<\/a>.<\/p>\n<h2><a href=\"http:\/\/www.visitoffaly.ie\/\" target=\"_blank\" rel=\"noopener noreferrer\">EOLAS TURAS\u00d3IREACHTA<\/a><\/h2>\n<p><a href=\"http:\/\/www.visitoffaly.ie\" target=\"_blank\" rel=\"noopener noreferrer\"><img loading=\"lazy\" decoding=\"async\" class=\"aligncenter wp-image-1602 size-large\" src=\"https:\/\/www.raisedbogs.ie\/wp-content\/uploads\/2017\/02\/visit-offaly-tullamore-1024x296.jpg\" alt=\"\" width=\"1024\" height=\"296\" srcset=\"https:\/\/www.raisedbogs.ie\/wp-content\/uploads\/2017\/02\/visit-offaly-tullamore-1024x296.jpg 1024w, https:\/\/www.raisedbogs.ie\/wp-content\/uploads\/2017\/02\/visit-offaly-tullamore-300x87.jpg 300w, https:\/\/www.raisedbogs.ie\/wp-content\/uploads\/2017\/02\/visit-offaly-tullamore-768x222.jpg 768w, https:\/\/www.raisedbogs.ie\/wp-content\/uploads\/2017\/02\/visit-offaly-tullamore.jpg 1280w\" sizes=\"auto, (max-width: 1024px) 100vw, 1024px\" \/><\/a><\/p>\n","protected":false},"excerpt":{"rendered":"<p>Faoi l\u00e1thair n\u00edl aon \u00e1iseanna do chuairteoir\u00ed ag SAC Phortach Shearbh\u00f3ige. T\u00e1 an chuid is m\u00f3 den phortach faoi \u00fain\u00e9ireacht phr\u00edobh\u00e1ideach agus mar sin n\u00ed thugtar comhairle, spreagadh n\u00e1 cead [&hellip;]<\/p>\n","protected":false},"author":9,"featured_media":2679,"comment_status":"open","ping_status":"open","sticky":false,"template":"","format":"standard","meta":{"_acf_changed":false,"_EventAllDay":false,"_EventTimezone":"","_EventStartDate":"","_EventEndDate":"","_EventStartDateUTC":"","_EventEndDateUTC":"","_EventShowMap":false,"_EventShowMapLink":false,"_EventURL":"","_EventCost":"","_EventCostDescription":"","_EventCurrencySymbol":"","_EventCurrencyCode":"","_EventCurrencyPosition":"","_EventDateTimeSeparator":"","_EventTimeRangeSeparator":"","_EventOrganizerID":[],"_EventVenueID":[],"_OrganizerEmail":"","_OrganizerPhone":"","_OrganizerWebsite":"","_VenueAddress":"","_VenueCity":"","_VenueCountry":"","_VenueProvince":"","_VenueState":"","_VenueZip":"","_VenuePhone":"","_VenueURL":"","_VenueStateProvince":"","_VenueLat":"","_VenueLng":"","_VenueShowMap":false,"_VenueShowMapLink":false,"footnotes":""},"categories":[475],"tags":[476,480,488,486,491,479,484,493,485,489,492,481,490,478,483,477,482,487],"class_list":["post-3001","post","type-post","status-publish","format-standard","has-post-thumbnail","hentry","category-portach-shearbhoige","tag-amanda-pedlow-ga","tag-caislean-bhiorra","tag-comhairle-contae-uibh-fhaili","tag-comoradh-50-bliain-biorra-vintage","tag-cuairt-a-thabhairt-ar-phortach-ardaithe-bhiorra","tag-cuairt-ar-bhiorra","tag-eolaiocht-phortaigh-na-heireann","tag-failte-eireann","tag-limistear-eachtraiochta-teach-crann-bhiorra","tag-oifigeach-oidhreachta-uibh-fhaili","tag-oirthear-arsa-na-heireann","tag-seachtain-seanre-bhiorra","tag-tabhair-cuairt-ar-phortach-sharavogue","tag-tabhair-cuairt-ar-uibh-fhaili","tag-teileascop-iontach","tag-tina-claffey-ga","tag-turasoireacht-bhiorra","tag-turasoireacht-uibh-fhaili"],"acf":[],"_links":{"self":[{"href":"https:\/\/www.raisedbogs.ie\/ga\/wp-json\/wp\/v2\/posts\/3001","targetHints":{"allow":["GET"]}}],"collection":[{"href":"https:\/\/www.raisedbogs.ie\/ga\/wp-json\/wp\/v2\/posts"}],"about":[{"href":"https:\/\/www.raisedbogs.ie\/ga\/wp-json\/wp\/v2\/types\/post"}],"author":[{"embeddable":true,"href":"https:\/\/www.raisedbogs.ie\/ga\/wp-json\/wp\/v2\/users\/9"}],"replies":[{"embeddable":true,"href":"https:\/\/www.raisedbogs.ie\/ga\/wp-json\/wp\/v2\/comments?post=3001"}],"version-history":[{"count":1,"href":"https:\/\/www.raisedbogs.ie\/ga\/wp-json\/wp\/v2\/posts\/3001\/revisions"}],"predecessor-version":[{"id":3413,"href":"https:\/\/www.raisedbogs.ie\/ga\/wp-json\/wp\/v2\/posts\/3001\/revisions\/3413"}],"wp:featuredmedia":[{"embeddable":true,"href":"https:\/\/www.raisedbogs.ie\/ga\/wp-json\/wp\/v2\/media\/2679"}],"wp:attachment":[{"href":"https:\/\/www.raisedbogs.ie\/ga\/wp-json\/wp\/v2\/media?parent=3001"}],"wp:term":[{"taxonomy":"category","embeddable":true,"href":"https:\/\/www.raisedbogs.ie\/ga\/wp-json\/wp\/v2\/categories?post=3001"},{"taxonomy":"post_tag","embeddable":true,"href":"https:\/\/www.raisedbogs.ie\/ga\/wp-json\/wp\/v2\/tags?post=3001"}],"curies":[{"name":"wp","href":"https:\/\/api.w.org\/{rel}","templated":true}]}}